{"id":873,"date":"2026-02-24T21:46:00","date_gmt":"2026-02-24T21:46:00","guid":{"rendered":"https:\/\/viralnayarit.com\/?p=873"},"modified":"2026-03-10T21:48:12","modified_gmt":"2026-03-10T21:48:12","slug":"hector-santana-invita-a-la-inauguracion-de-la-calle-20-de-noviembre-en-bucerias","status":"publish","type":"post","link":"https:\/\/viralnayarit.com\/?p=873","title":{"rendered":"H\u00e9ctor Santana invita a la inauguraci\u00f3n de la Calle 20 de Noviembre en Bucer\u00edas"},"content":{"rendered":"\n<p class=\"wp-block-paragraph\">El Gobierno Municipal de Bah\u00eda de Banderas, que encabeza el presidente municipal H\u00e9ctor Santana, invita a la gran inauguraci\u00f3n de la nueva Calle 20 de Noviembre, en Bucer\u00edas.<\/p>\n\n\n\n<p class=\"wp-block-paragraph\">El evento se realizar\u00e1 el pr\u00f3ximo viernes 27 de febrero en punto de las 5:00 p.m.<\/p>\n\n\n\n<figure class=\"wp-block-image size-full\"><img loading=\"lazy\" decoding=\"async\" width=\"500\" height=\"600\" src=\"https:\/\/viralnayarit.com\/wp-content\/uploads\/2026\/03\/641413759_1393816716090691_3980956643320769846_n.jpg\" alt=\"\" class=\"wp-image-874\" srcset=\"https:\/\/viralnayarit.com\/wp-content\/uploads\/2026\/03\/641413759_1393816716090691_3980956643320769846_n.jpg 500w, https:\/\/viralnayarit.com\/wp-content\/uploads\/2026\/03\/641413759_1393816716090691_3980956643320769846_n-250x300.jpg 250w\" sizes=\"auto, (max-width: 500px) 100vw, 500px\" \/><\/figure>\n","protected":false},"excerpt":{"rendered":"<p>El Gobierno Municipal de Bah\u00eda de Banderas, que encabeza el presidente municipal H\u00e9ctor Santana, invita&#8230;<\/p>\n","protected":false},"author":1,"featured_media":874,"comment_status":"open","ping_status":"open","sticky":false,"template":"","format":"standard","meta":{"footnotes":""},"categories":[5,13,12],"tags":[9,11,7,14,6],"class_list":["post-873","post","type-post","status-publish","format-standard","has-post-thumbnail","hentry","category-local","category-nacional","category-noticias","tag-local","tag-nacional","tag-notiicias","tag-politica","tag-viral"],"_links":{"self":[{"href":"https:\/\/viralnayarit.com\/index.php?rest_route=\/wp\/v2\/posts\/873","targetHints":{"allow":["GET"]}}],"collection":[{"href":"https:\/\/viralnayarit.com\/index.php?rest_route=\/wp\/v2\/posts"}],"about":[{"href":"https:\/\/viralnayarit.com\/index.php?rest_route=\/wp\/v2\/types\/post"}],"author":[{"embeddable":true,"href":"https:\/\/viralnayarit.com\/index.php?rest_route=\/wp\/v2\/users\/1"}],"replies":[{"embeddable":true,"href":"https:\/\/viralnayarit.com\/index.php?rest_route=%2Fwp%2Fv2%2Fcomments&post=873"}],"version-history":[{"count":1,"href":"https:\/\/viralnayarit.com\/index.php?rest_route=\/wp\/v2\/posts\/873\/revisions"}],"predecessor-version":[{"id":875,"href":"https:\/\/viralnayarit.com\/index.php?rest_route=\/wp\/v2\/posts\/873\/revisions\/875"}],"wp:featuredmedia":[{"embeddable":true,"href":"https:\/\/viralnayarit.com\/index.php?rest_route=\/wp\/v2\/media\/874"}],"wp:attachment":[{"href":"https:\/\/viralnayarit.com\/index.php?rest_route=%2Fwp%2Fv2%2Fmedia&parent=873"}],"wp:term":[{"taxonomy":"category","embeddable":true,"href":"https:\/\/viralnayarit.com\/index.php?rest_route=%2Fwp%2Fv2%2Fcategories&post=873"},{"taxonomy":"post_tag","embeddable":true,"href":"https:\/\/viralnayarit.com\/index.php?rest_route=%2Fwp%2Fv2%2Ftags&post=873"}],"curies":[{"name":"wp","href":"https:\/\/api.w.org\/{rel}","templated":true}]}}