{"id":79,"date":"2024-07-31T18:56:00","date_gmt":"2024-07-31T18:56:00","guid":{"rendered":"https:\/\/viralnayarit.com\/?p=79"},"modified":"2024-08-06T18:56:40","modified_gmt":"2024-08-06T18:56:40","slug":"don-julio-de-103-anos-quiere-reunirse-con-su-familia-en-nayarit-vive-en-mexicali","status":"publish","type":"post","link":"https:\/\/viralnayarit.com\/?p=79","title":{"rendered":"DON JULIO DE 103 A\u00d1OS QUIERE REUNIRSE CON SU FAMILIA EN NAYARIT; VIVE EN MEXICALI"},"content":{"rendered":"\n<p class=\"wp-block-paragraph\"><\/p>\n\n\n\n<p class=\"wp-block-paragraph\">&#8220;Mi abuelo est\u00e1 buscando a su familia, \u00e9l es un hombre ya mayor y siempre ha querido regresar a Nayarit para poder conocer a su familia de all\u00e1, pero no tiene informaci\u00f3n de ellos, \u00e9l dice tener una hermana que se llama Petra. Esa es la \u00fanica informaci\u00f3n que tenemos, mi abuelo se llama Julio Ram\u00edrez de la Cruz.<\/p>\n\n\n\n<p class=\"wp-block-paragraph\">El es de la sierra de Nayarit, de Santa Teresa.<\/p>\n\n\n\n<p class=\"wp-block-paragraph\">Mi <a><\/a>abuelo tiene 103 a\u00f1os, en septiembre cumple los 104 y le encantar\u00eda poder reunirse con su hermana si a\u00fan vive o con alguien de su descendencia&#8221;.<\/p>\n\n\n\n<figure class=\"wp-block-image size-large\"><img loading=\"lazy\" decoding=\"async\" width=\"768\" height=\"1024\" src=\"https:\/\/viralnayarit.com\/wp-content\/uploads\/2024\/08\/453537392_934726075333093_4997398541602256860_n-768x1024.jpg\" alt=\"\" class=\"wp-image-80\" srcset=\"https:\/\/viralnayarit.com\/wp-content\/uploads\/2024\/08\/453537392_934726075333093_4997398541602256860_n-768x1024.jpg 768w, https:\/\/viralnayarit.com\/wp-content\/uploads\/2024\/08\/453537392_934726075333093_4997398541602256860_n-225x300.jpg 225w, https:\/\/viralnayarit.com\/wp-content\/uploads\/2024\/08\/453537392_934726075333093_4997398541602256860_n-1024x1365.jpg 1024w, https:\/\/viralnayarit.com\/wp-content\/uploads\/2024\/08\/453537392_934726075333093_4997398541602256860_n.jpg 1080w\" sizes=\"auto, (max-width: 768px) 100vw, 768px\" \/><\/figure>\n","protected":false},"excerpt":{"rendered":"<p>&#8220;Mi abuelo est\u00e1 buscando a su familia, \u00e9l es un hombre ya mayor y siempre&#8230;<\/p>\n","protected":false},"author":1,"featured_media":80,"comment_status":"open","ping_status":"open","sticky":false,"template":"","format":"standard","meta":{"footnotes":""},"categories":[5,13],"tags":[7,6],"class_list":["post-79","post","type-post","status-publish","format-standard","has-post-thumbnail","hentry","category-local","category-nacional","tag-notiicias","tag-viral"],"_links":{"self":[{"href":"https:\/\/viralnayarit.com\/index.php?rest_route=\/wp\/v2\/posts\/79","targetHints":{"allow":["GET"]}}],"collection":[{"href":"https:\/\/viralnayarit.com\/index.php?rest_route=\/wp\/v2\/posts"}],"about":[{"href":"https:\/\/viralnayarit.com\/index.php?rest_route=\/wp\/v2\/types\/post"}],"author":[{"embeddable":true,"href":"https:\/\/viralnayarit.com\/index.php?rest_route=\/wp\/v2\/users\/1"}],"replies":[{"embeddable":true,"href":"https:\/\/viralnayarit.com\/index.php?rest_route=%2Fwp%2Fv2%2Fcomments&post=79"}],"version-history":[{"count":1,"href":"https:\/\/viralnayarit.com\/index.php?rest_route=\/wp\/v2\/posts\/79\/revisions"}],"predecessor-version":[{"id":81,"href":"https:\/\/viralnayarit.com\/index.php?rest_route=\/wp\/v2\/posts\/79\/revisions\/81"}],"wp:featuredmedia":[{"embeddable":true,"href":"https:\/\/viralnayarit.com\/index.php?rest_route=\/wp\/v2\/media\/80"}],"wp:attachment":[{"href":"https:\/\/viralnayarit.com\/index.php?rest_route=%2Fwp%2Fv2%2Fmedia&parent=79"}],"wp:term":[{"taxonomy":"category","embeddable":true,"href":"https:\/\/viralnayarit.com\/index.php?rest_route=%2Fwp%2Fv2%2Fcategories&post=79"},{"taxonomy":"post_tag","embeddable":true,"href":"https:\/\/viralnayarit.com\/index.php?rest_route=%2Fwp%2Fv2%2Ftags&post=79"}],"curies":[{"name":"wp","href":"https:\/\/api.w.org\/{rel}","templated":true}]}}