{"id":683,"date":"2025-12-16T12:34:00","date_gmt":"2025-12-16T12:34:00","guid":{"rendered":"https:\/\/viralnayarit.com\/?p=683"},"modified":"2026-01-02T20:43:18","modified_gmt":"2026-01-02T20:43:18","slug":"la-magia-de-la-navidad-sigue-recorriendo-el-municipio","status":"publish","type":"post","link":"https:\/\/viralnayarit.com\/?p=683","title":{"rendered":"La magia de la Navidad sigue recorriendo el municipio"},"content":{"rendered":"\n<p class=\"wp-block-paragraph\"><a><\/a>El presidente municipal H\u00e9ctor Santana contin\u00faa invitando a la ciudadan\u00eda de Bah\u00eda de Banderas a disfrutar de los tradicionales encendidos de los \u00e1rboles navide\u00f1os, esto como parte de la jornada, \u201cLa Navidad de tus Sue\u00f1os\u201d, una celebraci\u00f3n pensada para compartir momentos de alegr\u00eda y convivencia con las familias bahiabanderenses.<\/p>\n\n\n\n<p class=\"wp-block-paragraph\">Los encendidos qu\u00e9 se llevar\u00e1n a cabo el d\u00eda de hoy martes 16 de diciembre son:<\/p>\n\n\n\n<p class=\"wp-block-paragraph\">* Tapachula, a las 7:30 de la noche.<\/p>\n\n\n\n<p class=\"wp-block-paragraph\">* Mezcalitos, a las 8:30 de la noche.<\/p>\n\n\n\n<p class=\"wp-block-paragraph\">* El Porvenir, a las 9:15 de la noche.<\/p>\n\n\n\n<p class=\"wp-block-paragraph\">Los esperamos.<\/p>\n\n\n\n<figure class=\"wp-block-image size-large\"><img loading=\"lazy\" decoding=\"async\" width=\"1024\" height=\"334\" src=\"https:\/\/viralnayarit.com\/wp-content\/uploads\/2026\/01\/599953885_1335018611970502_1730868318842740526_n-1024x334.jpg\" alt=\"\" class=\"wp-image-684\" srcset=\"https:\/\/viralnayarit.com\/wp-content\/uploads\/2026\/01\/599953885_1335018611970502_1730868318842740526_n-1024x334.jpg 1024w, https:\/\/viralnayarit.com\/wp-content\/uploads\/2026\/01\/599953885_1335018611970502_1730868318842740526_n-300x98.jpg 300w, https:\/\/viralnayarit.com\/wp-content\/uploads\/2026\/01\/599953885_1335018611970502_1730868318842740526_n-768x251.jpg 768w, https:\/\/viralnayarit.com\/wp-content\/uploads\/2026\/01\/599953885_1335018611970502_1730868318842740526_n-1536x501.jpg 1536w, https:\/\/viralnayarit.com\/wp-content\/uploads\/2026\/01\/599953885_1335018611970502_1730868318842740526_n.jpg 1600w\" sizes=\"auto, (max-width: 1024px) 100vw, 1024px\" \/><\/figure>\n\n\n\n<figure class=\"wp-block-image size-large\"><img loading=\"lazy\" decoding=\"async\" width=\"814\" height=\"1024\" src=\"https:\/\/viralnayarit.com\/wp-content\/uploads\/2026\/01\/599447532_1335018758637154_3870158716361059634_n-814x1024.jpg\" alt=\"\" class=\"wp-image-685\" srcset=\"https:\/\/viralnayarit.com\/wp-content\/uploads\/2026\/01\/599447532_1335018758637154_3870158716361059634_n-814x1024.jpg 814w, https:\/\/viralnayarit.com\/wp-content\/uploads\/2026\/01\/599447532_1335018758637154_3870158716361059634_n-238x300.jpg 238w, https:\/\/viralnayarit.com\/wp-content\/uploads\/2026\/01\/599447532_1335018758637154_3870158716361059634_n-768x966.jpg 768w, https:\/\/viralnayarit.com\/wp-content\/uploads\/2026\/01\/599447532_1335018758637154_3870158716361059634_n-1221x1536.jpg 1221w, https:\/\/viralnayarit.com\/wp-content\/uploads\/2026\/01\/599447532_1335018758637154_3870158716361059634_n-1024x1288.jpg 1024w, https:\/\/viralnayarit.com\/wp-content\/uploads\/2026\/01\/599447532_1335018758637154_3870158716361059634_n.jpg 1628w\" sizes=\"auto, (max-width: 814px) 100vw, 814px\" \/><\/figure>\n\n\n\n<figure class=\"wp-block-image size-large\"><img loading=\"lazy\" decoding=\"async\" width=\"814\" height=\"1024\" src=\"https:\/\/viralnayarit.com\/wp-content\/uploads\/2026\/01\/600302951_1335018795303817_8095532128367676199_n-814x1024.jpg\" alt=\"\" class=\"wp-image-686\" srcset=\"https:\/\/viralnayarit.com\/wp-content\/uploads\/2026\/01\/600302951_1335018795303817_8095532128367676199_n-814x1024.jpg 814w, https:\/\/viralnayarit.com\/wp-content\/uploads\/2026\/01\/600302951_1335018795303817_8095532128367676199_n-238x300.jpg 238w, https:\/\/viralnayarit.com\/wp-content\/uploads\/2026\/01\/600302951_1335018795303817_8095532128367676199_n-768x966.jpg 768w, https:\/\/viralnayarit.com\/wp-content\/uploads\/2026\/01\/600302951_1335018795303817_8095532128367676199_n-1221x1536.jpg 1221w, https:\/\/viralnayarit.com\/wp-content\/uploads\/2026\/01\/600302951_1335018795303817_8095532128367676199_n-1024x1288.jpg 1024w, https:\/\/viralnayarit.com\/wp-content\/uploads\/2026\/01\/600302951_1335018795303817_8095532128367676199_n.jpg 1628w\" sizes=\"auto, (max-width: 814px) 100vw, 814px\" \/><\/figure>\n","protected":false},"excerpt":{"rendered":"<p>El presidente municipal H\u00e9ctor Santana contin\u00faa invitando a la ciudadan\u00eda de Bah\u00eda de Banderas a&#8230;<\/p>\n","protected":false},"author":1,"featured_media":684,"comment_status":"open","ping_status":"open","sticky":false,"template":"","format":"standard","meta":{"footnotes":""},"categories":[5,13,12],"tags":[9,11,7,14,6],"class_list":["post-683","post","type-post","status-publish","format-standard","has-post-thumbnail","hentry","category-local","category-nacional","category-noticias","tag-local","tag-nacional","tag-notiicias","tag-politica","tag-viral"],"_links":{"self":[{"href":"https:\/\/viralnayarit.com\/index.php?rest_route=\/wp\/v2\/posts\/683","targetHints":{"allow":["GET"]}}],"collection":[{"href":"https:\/\/viralnayarit.com\/index.php?rest_route=\/wp\/v2\/posts"}],"about":[{"href":"https:\/\/viralnayarit.com\/index.php?rest_route=\/wp\/v2\/types\/post"}],"author":[{"embeddable":true,"href":"https:\/\/viralnayarit.com\/index.php?rest_route=\/wp\/v2\/users\/1"}],"replies":[{"embeddable":true,"href":"https:\/\/viralnayarit.com\/index.php?rest_route=%2Fwp%2Fv2%2Fcomments&post=683"}],"version-history":[{"count":1,"href":"https:\/\/viralnayarit.com\/index.php?rest_route=\/wp\/v2\/posts\/683\/revisions"}],"predecessor-version":[{"id":687,"href":"https:\/\/viralnayarit.com\/index.php?rest_route=\/wp\/v2\/posts\/683\/revisions\/687"}],"wp:featuredmedia":[{"embeddable":true,"href":"https:\/\/viralnayarit.com\/index.php?rest_route=\/wp\/v2\/media\/684"}],"wp:attachment":[{"href":"https:\/\/viralnayarit.com\/index.php?rest_route=%2Fwp%2Fv2%2Fmedia&parent=683"}],"wp:term":[{"taxonomy":"category","embeddable":true,"href":"https:\/\/viralnayarit.com\/index.php?rest_route=%2Fwp%2Fv2%2Fcategories&post=683"},{"taxonomy":"post_tag","embeddable":true,"href":"https:\/\/viralnayarit.com\/index.php?rest_route=%2Fwp%2Fv2%2Ftags&post=683"}],"curies":[{"name":"wp","href":"https:\/\/api.w.org\/{rel}","templated":true}]}}