{"id":63,"date":"2024-07-29T10:15:00","date_gmt":"2024-07-29T10:15:00","guid":{"rendered":"https:\/\/viralnayarit.com\/?p=63"},"modified":"2024-08-05T19:16:38","modified_gmt":"2024-08-05T19:16:38","slug":"convoca-congreso-a-participar-en-seleccion-de-auditora-o-auditor-superior-de-la-asen","status":"publish","type":"post","link":"https:\/\/viralnayarit.com\/?p=63","title":{"rendered":"Convoca Congreso a participar en selecci\u00f3n de Auditora o Auditor Superior de la ASEN"},"content":{"rendered":"\n<p class=\"wp-block-paragraph\"><br>Consulta las bases en www.congresonayarit.gob.mx <br><br>Del 29 de julio al 9 de agosto se recibir\u00e1n propuestas<br><br>Tepic, 28 de julio de 2024.- Convoca el Congreso del Estado a las y ciudadanos, asociaciones civiles y acad\u00e9micas para que postulen a candidatos que deseen participar en el proceso de selecci\u00f3n para designar a la Auditora o Auditor Superior del Estado.<br>                                                                                                                                                                                                                                                               En reuni\u00f3n de la Comisi\u00f3n de Hacienda, Cuenta P\u00fablica y Presupuesto las y los diputados aprobaron la convocatoria en la que se se\u00f1ala que a partir del 29 de julio al viernes 9 de agosto en un horario de 9:00 a 16:00 horas en d\u00edas h\u00e1biles, las y los interesados deber\u00e1n presentar su documentaci\u00f3n respectiva. <br>                                                                                                                                                                                                                                                                  De la diversidad de requisitos que establece la convocatoria, se destacan que las y los aspirantes deben presentar copia certificada del acta de nacimiento, de la credencial para votar vigente, del t\u00edtulo y c\u00e9dula profesional, carta de no antecedentes penales, constancia de no inhabilitaci\u00f3n, curr\u00edculum vitae.<br><br>Tambi\u00e9n las y los candidatos deber\u00e1n presentar documentaci\u00f3n oficial que acrediten conocimientos o experiencia de al menos cinco a\u00f1os en materia de control, auditor\u00eda financiera y de responsabilidades, constancia que acredite residencia efectiva en la entidad de por lo menos cinco a\u00f1os, tener cuando menos 35 a\u00f1os de edad y ser mexicano. <br>                                                                                                                                                                                                                                                                    Cada solicitud de registro ser\u00e1 dirigida al presidente de la Comisi\u00f3n de Hacienda, Cuenta P\u00fablica y Presupuesto, mediante escrito libre y presentarla personalmente ante la Secretar\u00eda General, en las instalaciones del Congreso del Estado, Avenida M\u00e9xico n\u00famero 38 norte, en el Centro de la ciudad de Tepic.<br>                                                                                                                                                                                                                                                          Al concluir el plazo, las y los legisladores integrantes de la Comisi\u00f3n de Hacienda, Cuenta P\u00fablica y Presupuesto se reunir\u00e1n para revisar la documentaci\u00f3n recibida, aprobar y publicar la lista de los aspirantes que hayan cumplido a cabalidad con la documentaci\u00f3n.<br>                                                                                                                                                                                                                                                        Luego, se har\u00e1 una valoraci\u00f3n curricular y entrevistas a quienes hayan cumplido con los requisitos de la convocatoria; las entrevistas ser\u00e1n de manera virtual a trav\u00e9s de la p\u00e1gina oficial del Congreso www.congresonayarit.gob.mx. <br>                                                                                                                                                                                                                                                                  Posterior a las entrevistas, la Comisi\u00f3n legislativa emitir\u00e1 un dictamen que contendr\u00e1 la terna de quienes cumplieron con los requisitos, con la entrevista y que a consideraci\u00f3n de las y los diputados cuentan con los perfiles id\u00f3neos para el cargo, para despu\u00e9s ante el Pleno de los 30 representantes populares someter a discusi\u00f3n y en su caso votaci\u00f3n el dictamen para elegir a la o el titular de la Auditor\u00eda Superior del Estado.<\/p>\n\n\n\n<figure class=\"wp-block-image size-large\"><img loading=\"lazy\" decoding=\"async\" width=\"1024\" height=\"683\" src=\"https:\/\/viralnayarit.com\/wp-content\/uploads\/2024\/08\/WhatsApp-Image-2024-07-31-at-11.03.07-PM-1024x683.jpeg\" alt=\"\" class=\"wp-image-64\" srcset=\"https:\/\/viralnayarit.com\/wp-content\/uploads\/2024\/08\/WhatsApp-Image-2024-07-31-at-11.03.07-PM-1024x683.jpeg 1024w, https:\/\/viralnayarit.com\/wp-content\/uploads\/2024\/08\/WhatsApp-Image-2024-07-31-at-11.03.07-PM-300x200.jpeg 300w, https:\/\/viralnayarit.com\/wp-content\/uploads\/2024\/08\/WhatsApp-Image-2024-07-31-at-11.03.07-PM-768x512.jpeg 768w, https:\/\/viralnayarit.com\/wp-content\/uploads\/2024\/08\/WhatsApp-Image-2024-07-31-at-11.03.07-PM.jpeg 1080w\" sizes=\"auto, (max-width: 1024px) 100vw, 1024px\" \/><\/figure>\n","protected":false},"excerpt":{"rendered":"<p>Consulta las bases en www.congresonayarit.gob.mx Del 29 de julio al 9 de agosto se recibir\u00e1n&#8230;<\/p>\n","protected":false},"author":1,"featured_media":64,"comment_status":"open","ping_status":"open","sticky":false,"template":"","format":"standard","meta":{"footnotes":""},"categories":[5],"tags":[],"class_list":["post-63","post","type-post","status-publish","format-standard","has-post-thumbnail","hentry","category-local"],"_links":{"self":[{"href":"https:\/\/viralnayarit.com\/index.php?rest_route=\/wp\/v2\/posts\/63","targetHints":{"allow":["GET"]}}],"collection":[{"href":"https:\/\/viralnayarit.com\/index.php?rest_route=\/wp\/v2\/posts"}],"about":[{"href":"https:\/\/viralnayarit.com\/index.php?rest_route=\/wp\/v2\/types\/post"}],"author":[{"embeddable":true,"href":"https:\/\/viralnayarit.com\/index.php?rest_route=\/wp\/v2\/users\/1"}],"replies":[{"embeddable":true,"href":"https:\/\/viralnayarit.com\/index.php?rest_route=%2Fwp%2Fv2%2Fcomments&post=63"}],"version-history":[{"count":1,"href":"https:\/\/viralnayarit.com\/index.php?rest_route=\/wp\/v2\/posts\/63\/revisions"}],"predecessor-version":[{"id":65,"href":"https:\/\/viralnayarit.com\/index.php?rest_route=\/wp\/v2\/posts\/63\/revisions\/65"}],"wp:featuredmedia":[{"embeddable":true,"href":"https:\/\/viralnayarit.com\/index.php?rest_route=\/wp\/v2\/media\/64"}],"wp:attachment":[{"href":"https:\/\/viralnayarit.com\/index.php?rest_route=%2Fwp%2Fv2%2Fmedia&parent=63"}],"wp:term":[{"taxonomy":"category","embeddable":true,"href":"https:\/\/viralnayarit.com\/index.php?rest_route=%2Fwp%2Fv2%2Fcategories&post=63"},{"taxonomy":"post_tag","embeddable":true,"href":"https:\/\/viralnayarit.com\/index.php?rest_route=%2Fwp%2Fv2%2Ftags&post=63"}],"curies":[{"name":"wp","href":"https:\/\/api.w.org\/{rel}","templated":true}]}}