{"id":604,"date":"2025-12-12T01:02:39","date_gmt":"2025-12-12T01:02:39","guid":{"rendered":"https:\/\/viralnayarit.com\/?p=604"},"modified":"2025-12-12T01:02:40","modified_gmt":"2025-12-12T01:02:40","slug":"mujeres-proponen-cooperacha-para-pagar-la-fianza-de-detenido-en-monterrey","status":"publish","type":"post","link":"https:\/\/viralnayarit.com\/?p=604","title":{"rendered":"MUJERES PROPONEN \u201cCOOPERACHA\u201d PARA PAGAR LA FIANZA DE DETENIDO EN MONTERREY"},"content":{"rendered":"\n<p class=\"wp-block-paragraph\">Lo <a><\/a>que comenz\u00f3 como una detenci\u00f3n de rutina termin\u00f3 convirti\u00e9ndose en un fen\u00f3meno viral en Monterrey.<\/p>\n\n\n\n<p class=\"wp-block-paragraph\">Un hombre detenido por circular con placas falsas desat\u00f3 una inesperada ola de comentarios cuando usuarias en redes sociales comenzaron a elogiar su apariencia f\u00edsica\u2026 y hasta propusieron una \u201ccooperacha\u201d para pagarle la fianza. <img loading=\"lazy\" decoding=\"async\" height=\"16\" width=\"16\" alt=\"\ud83d\ude05\" src=\"https:\/\/static.xx.fbcdn.net\/images\/emoji.php\/v9\/tf2\/2\/16\/1f605.png\"><img loading=\"lazy\" decoding=\"async\" height=\"16\" width=\"16\" alt=\"\ud83d\udcb8\" src=\"https:\/\/static.xx.fbcdn.net\/images\/emoji.php\/v9\/t1\/2\/16\/1f4b8.png\"><\/p>\n\n\n\n<p class=\"wp-block-paragraph\">El detenido, identificado como Antonio, de 36 a\u00f1os, originario de Guadalajara, fue asegurado en la colonia Cerro Azul, luego de que c\u00e1maras del C4 detectaran la camioneta GMC que conduc\u00eda con placas irregulares.<\/p>\n\n\n\n<p class=\"wp-block-paragraph\">De acuerdo con el reporte oficial:<\/p>\n\n\n\n<p class=\"wp-block-paragraph\">\u2022 <img loading=\"lazy\" decoding=\"async\" height=\"16\" width=\"16\" alt=\"\ud83d\ude94\" src=\"https:\/\/static.xx.fbcdn.net\/images\/emoji.php\/v9\/t8\/2\/16\/1f694.png\"> Fue puesto a disposici\u00f3n del Ministerio P\u00fablico por presunta falsificaci\u00f3n de documentos.<\/p>\n\n\n\n<p class=\"wp-block-paragraph\">\u2022 <img loading=\"lazy\" decoding=\"async\" height=\"16\" width=\"16\" alt=\"\ud83d\udc66\" src=\"https:\/\/static.xx.fbcdn.net\/images\/emoji.php\/v9\/tab\/2\/16\/1f466.png\"> Un menor de 5 a\u00f1os que lo acompa\u00f1aba fue resguardado y entregado a familiares.<\/p>\n\n\n\n<p class=\"wp-block-paragraph\">\u2022 <img loading=\"lazy\" decoding=\"async\" height=\"16\" width=\"16\" alt=\"\ud83d\udcac\" src=\"https:\/\/static.xx.fbcdn.net\/images\/emoji.php\/v9\/td\/2\/16\/1f4ac.png\"> El caso escal\u00f3 r\u00e1pidamente en redes gracias a los miles de comentarios \u2014principalmente de mujeres\u2014 que con humor ped\u00edan \u201cjuntar para la fianza\u201d.<\/p>\n\n\n\n<p class=\"wp-block-paragraph\">El nombre de Antonio se volvi\u00f3 tendencia, y las publicaciones siguen multiplic\u00e1ndose con memes, bromas y reacciones de todo tipo.<\/p>\n\n\n\n<figure class=\"wp-block-image size-large\"><img loading=\"lazy\" decoding=\"async\" width=\"1024\" height=\"894\" src=\"https:\/\/viralnayarit.com\/wp-content\/uploads\/2025\/12\/597930539_1330732705732426_1128648736129276668_n-1024x894.jpg\" alt=\"\" class=\"wp-image-605\" srcset=\"https:\/\/viralnayarit.com\/wp-content\/uploads\/2025\/12\/597930539_1330732705732426_1128648736129276668_n-1024x894.jpg 1024w, https:\/\/viralnayarit.com\/wp-content\/uploads\/2025\/12\/597930539_1330732705732426_1128648736129276668_n-300x262.jpg 300w, https:\/\/viralnayarit.com\/wp-content\/uploads\/2025\/12\/597930539_1330732705732426_1128648736129276668_n-768x670.jpg 768w, https:\/\/viralnayarit.com\/wp-content\/uploads\/2025\/12\/597930539_1330732705732426_1128648736129276668_n.jpg 1320w\" sizes=\"auto, (max-width: 1024px) 100vw, 1024px\" \/><\/figure>\n","protected":false},"excerpt":{"rendered":"<p>Lo que comenz\u00f3 como una detenci\u00f3n de rutina termin\u00f3 convirti\u00e9ndose en un fen\u00f3meno viral en&#8230;<\/p>\n","protected":false},"author":1,"featured_media":605,"comment_status":"open","ping_status":"open","sticky":false,"template":"","format":"standard","meta":{"footnotes":""},"categories":[5,12],"tags":[11,7],"class_list":["post-604","post","type-post","status-publish","format-standard","has-post-thumbnail","hentry","category-local","category-noticias","tag-nacional","tag-notiicias"],"_links":{"self":[{"href":"https:\/\/viralnayarit.com\/index.php?rest_route=\/wp\/v2\/posts\/604","targetHints":{"allow":["GET"]}}],"collection":[{"href":"https:\/\/viralnayarit.com\/index.php?rest_route=\/wp\/v2\/posts"}],"about":[{"href":"https:\/\/viralnayarit.com\/index.php?rest_route=\/wp\/v2\/types\/post"}],"author":[{"embeddable":true,"href":"https:\/\/viralnayarit.com\/index.php?rest_route=\/wp\/v2\/users\/1"}],"replies":[{"embeddable":true,"href":"https:\/\/viralnayarit.com\/index.php?rest_route=%2Fwp%2Fv2%2Fcomments&post=604"}],"version-history":[{"count":1,"href":"https:\/\/viralnayarit.com\/index.php?rest_route=\/wp\/v2\/posts\/604\/revisions"}],"predecessor-version":[{"id":606,"href":"https:\/\/viralnayarit.com\/index.php?rest_route=\/wp\/v2\/posts\/604\/revisions\/606"}],"wp:featuredmedia":[{"embeddable":true,"href":"https:\/\/viralnayarit.com\/index.php?rest_route=\/wp\/v2\/media\/605"}],"wp:attachment":[{"href":"https:\/\/viralnayarit.com\/index.php?rest_route=%2Fwp%2Fv2%2Fmedia&parent=604"}],"wp:term":[{"taxonomy":"category","embeddable":true,"href":"https:\/\/viralnayarit.com\/index.php?rest_route=%2Fwp%2Fv2%2Fcategories&post=604"},{"taxonomy":"post_tag","embeddable":true,"href":"https:\/\/viralnayarit.com\/index.php?rest_route=%2Fwp%2Fv2%2Ftags&post=604"}],"curies":[{"name":"wp","href":"https:\/\/api.w.org\/{rel}","templated":true}]}}