{"id":595,"date":"2025-12-02T18:38:58","date_gmt":"2025-12-02T18:38:58","guid":{"rendered":"https:\/\/viralnayarit.com\/?p=595"},"modified":"2025-12-02T18:38:59","modified_gmt":"2025-12-02T18:38:59","slug":"no-sabe-leer","status":"publish","type":"post","link":"https:\/\/viralnayarit.com\/?p=595","title":{"rendered":"NO SABE LEER&#8230;"},"content":{"rendered":"\n<p class=\"wp-block-paragraph\">En una reciente entrevista que le hicieron a un personaje conocido como &#8220;el ni\u00f1o pony&#8221; el revelo que nunca aprendi\u00f3 a leer, esto fue en el canal de el <a><\/a>creador de contenido Adrian Marcelo y se quedo sin palabras al escuchar la triste historia, el cuenta que en su infancia su madre no tenia los recursos necesarios para poder llevarlo a la escuela y todo se complico cuando llego otro hijo a su vida, es por eso que dice que nunca aprendi\u00f3 correctamente la lectura, usuarios han apoyado a este muchacho que hace unos a\u00f1os fue la burla de el internet, pero simplemente era alguien incomprendido con una dif\u00edcil situaci\u00f3n.<\/p>\n\n\n\n<p class=\"wp-block-paragraph\">Esto nos ense\u00f1a a que no es bueno juzgar a los dem\u00e1s por ninguna circunstancia, ya que no sabemos que es lo que haya tenido que vivir para llegar hasta all\u00ed&#8230;<\/p>\n\n\n\n<figure class=\"wp-block-image size-large\"><img loading=\"lazy\" decoding=\"async\" width=\"1024\" height=\"614\" src=\"https:\/\/viralnayarit.com\/wp-content\/uploads\/2025\/12\/594556083_1323665773105786_5316972144551827249_n-1024x614.jpg\" alt=\"\" class=\"wp-image-596\" srcset=\"https:\/\/viralnayarit.com\/wp-content\/uploads\/2025\/12\/594556083_1323665773105786_5316972144551827249_n-1024x614.jpg 1024w, https:\/\/viralnayarit.com\/wp-content\/uploads\/2025\/12\/594556083_1323665773105786_5316972144551827249_n-300x180.jpg 300w, https:\/\/viralnayarit.com\/wp-content\/uploads\/2025\/12\/594556083_1323665773105786_5316972144551827249_n-768x460.jpg 768w, https:\/\/viralnayarit.com\/wp-content\/uploads\/2025\/12\/594556083_1323665773105786_5316972144551827249_n-1536x920.jpg 1536w, https:\/\/viralnayarit.com\/wp-content\/uploads\/2025\/12\/594556083_1323665773105786_5316972144551827249_n.jpg 2048w\" sizes=\"auto, (max-width: 1024px) 100vw, 1024px\" \/><\/figure>\n","protected":false},"excerpt":{"rendered":"<p>En una reciente entrevista que le hicieron a un personaje conocido como &#8220;el ni\u00f1o pony&#8221;&#8230;<\/p>\n","protected":false},"author":1,"featured_media":596,"comment_status":"open","ping_status":"open","sticky":false,"template":"","format":"standard","meta":{"footnotes":""},"categories":[5,13,12],"tags":[10,11,7,6],"class_list":["post-595","post","type-post","status-publish","format-standard","has-post-thumbnail","hentry","category-local","category-nacional","category-noticias","tag-historia","tag-nacional","tag-notiicias","tag-viral"],"_links":{"self":[{"href":"https:\/\/viralnayarit.com\/index.php?rest_route=\/wp\/v2\/posts\/595","targetHints":{"allow":["GET"]}}],"collection":[{"href":"https:\/\/viralnayarit.com\/index.php?rest_route=\/wp\/v2\/posts"}],"about":[{"href":"https:\/\/viralnayarit.com\/index.php?rest_route=\/wp\/v2\/types\/post"}],"author":[{"embeddable":true,"href":"https:\/\/viralnayarit.com\/index.php?rest_route=\/wp\/v2\/users\/1"}],"replies":[{"embeddable":true,"href":"https:\/\/viralnayarit.com\/index.php?rest_route=%2Fwp%2Fv2%2Fcomments&post=595"}],"version-history":[{"count":1,"href":"https:\/\/viralnayarit.com\/index.php?rest_route=\/wp\/v2\/posts\/595\/revisions"}],"predecessor-version":[{"id":597,"href":"https:\/\/viralnayarit.com\/index.php?rest_route=\/wp\/v2\/posts\/595\/revisions\/597"}],"wp:featuredmedia":[{"embeddable":true,"href":"https:\/\/viralnayarit.com\/index.php?rest_route=\/wp\/v2\/media\/596"}],"wp:attachment":[{"href":"https:\/\/viralnayarit.com\/index.php?rest_route=%2Fwp%2Fv2%2Fmedia&parent=595"}],"wp:term":[{"taxonomy":"category","embeddable":true,"href":"https:\/\/viralnayarit.com\/index.php?rest_route=%2Fwp%2Fv2%2Fcategories&post=595"},{"taxonomy":"post_tag","embeddable":true,"href":"https:\/\/viralnayarit.com\/index.php?rest_route=%2Fwp%2Fv2%2Ftags&post=595"}],"curies":[{"name":"wp","href":"https:\/\/api.w.org\/{rel}","templated":true}]}}