{"id":582,"date":"2025-12-02T18:17:58","date_gmt":"2025-12-02T18:17:58","guid":{"rendered":"https:\/\/viralnayarit.com\/?p=582"},"modified":"2025-12-02T18:17:59","modified_gmt":"2025-12-02T18:17:59","slug":"san-jose-del-valle-sera-sede-del-modulo-de-credenciales-para-ganaderos","status":"publish","type":"post","link":"https:\/\/viralnayarit.com\/?p=582","title":{"rendered":"San Jos\u00e9 del Valle ser\u00e1 sede del m\u00f3dulo de credenciales para ganaderos"},"content":{"rendered":"\n<p class=\"wp-block-paragraph\"><a><\/a>El H. XII Ayuntamiento de Bah\u00eda de Banderas anuncia la instalaci\u00f3n del M\u00f3dulo de Credenciales para Ganaderos, que se realizar\u00e1 el lunes 15 de diciembre en el Sal\u00f3n Ejidal de San Jos\u00e9 del Valle, con un horario de antecion de 10:00 a 15:00 horas.<\/p>\n\n\n\n<p class=\"wp-block-paragraph\">Este servicio estar\u00e1 disponible tanto para ganaderos de nuevo ingreso como para quienes requieran renovar su credencial.<\/p>\n\n\n\n<p class=\"wp-block-paragraph\">Durante esta jornada, personal de la Direcci\u00f3n de Desarrollo Econ\u00f3mico ofrecer\u00e1 atenci\u00f3n directa y diversos apoyos, entre ellos muestreo, captura de murci\u00e9lago, inseminaci\u00f3n artificial, bolsa de empleo, SARE, cr\u00e9ditos y capacitaciones para emprendedores.<\/p>\n\n\n\n<p class=\"wp-block-paragraph\">Para mayor informaci\u00f3n, se invita a comunicarse a la oficina de Direcci\u00f3n de Desarrollo Econ\u00f3mico al 329 291 1870, ext. 801.<\/p>\n\n\n\n<figure class=\"wp-block-image size-large\"><img loading=\"lazy\" decoding=\"async\" width=\"768\" height=\"1024\" src=\"https:\/\/viralnayarit.com\/wp-content\/uploads\/2025\/12\/594599762_1324187369720293_2498665047393014382_n-768x1024.jpg\" alt=\"\" class=\"wp-image-583\" srcset=\"https:\/\/viralnayarit.com\/wp-content\/uploads\/2025\/12\/594599762_1324187369720293_2498665047393014382_n-768x1024.jpg 768w, https:\/\/viralnayarit.com\/wp-content\/uploads\/2025\/12\/594599762_1324187369720293_2498665047393014382_n-225x300.jpg 225w, https:\/\/viralnayarit.com\/wp-content\/uploads\/2025\/12\/594599762_1324187369720293_2498665047393014382_n-1152x1536.jpg 1152w, https:\/\/viralnayarit.com\/wp-content\/uploads\/2025\/12\/594599762_1324187369720293_2498665047393014382_n-1024x1365.jpg 1024w, https:\/\/viralnayarit.com\/wp-content\/uploads\/2025\/12\/594599762_1324187369720293_2498665047393014382_n.jpg 1536w\" sizes=\"auto, (max-width: 768px) 100vw, 768px\" \/><\/figure>\n","protected":false},"excerpt":{"rendered":"<p>El H. XII Ayuntamiento de Bah\u00eda de Banderas anuncia la instalaci\u00f3n del M\u00f3dulo de Credenciales&#8230;<\/p>\n","protected":false},"author":1,"featured_media":583,"comment_status":"open","ping_status":"open","sticky":false,"template":"","format":"standard","meta":{"footnotes":""},"categories":[5,13],"tags":[7],"class_list":["post-582","post","type-post","status-publish","format-standard","has-post-thumbnail","hentry","category-local","category-nacional","tag-notiicias"],"_links":{"self":[{"href":"https:\/\/viralnayarit.com\/index.php?rest_route=\/wp\/v2\/posts\/582","targetHints":{"allow":["GET"]}}],"collection":[{"href":"https:\/\/viralnayarit.com\/index.php?rest_route=\/wp\/v2\/posts"}],"about":[{"href":"https:\/\/viralnayarit.com\/index.php?rest_route=\/wp\/v2\/types\/post"}],"author":[{"embeddable":true,"href":"https:\/\/viralnayarit.com\/index.php?rest_route=\/wp\/v2\/users\/1"}],"replies":[{"embeddable":true,"href":"https:\/\/viralnayarit.com\/index.php?rest_route=%2Fwp%2Fv2%2Fcomments&post=582"}],"version-history":[{"count":1,"href":"https:\/\/viralnayarit.com\/index.php?rest_route=\/wp\/v2\/posts\/582\/revisions"}],"predecessor-version":[{"id":584,"href":"https:\/\/viralnayarit.com\/index.php?rest_route=\/wp\/v2\/posts\/582\/revisions\/584"}],"wp:featuredmedia":[{"embeddable":true,"href":"https:\/\/viralnayarit.com\/index.php?rest_route=\/wp\/v2\/media\/583"}],"wp:attachment":[{"href":"https:\/\/viralnayarit.com\/index.php?rest_route=%2Fwp%2Fv2%2Fmedia&parent=582"}],"wp:term":[{"taxonomy":"category","embeddable":true,"href":"https:\/\/viralnayarit.com\/index.php?rest_route=%2Fwp%2Fv2%2Fcategories&post=582"},{"taxonomy":"post_tag","embeddable":true,"href":"https:\/\/viralnayarit.com\/index.php?rest_route=%2Fwp%2Fv2%2Ftags&post=582"}],"curies":[{"name":"wp","href":"https:\/\/api.w.org\/{rel}","templated":true}]}}