{"id":555,"date":"2025-11-19T18:55:43","date_gmt":"2025-11-19T18:55:43","guid":{"rendered":"https:\/\/viralnayarit.com\/?p=555"},"modified":"2025-11-24T17:32:16","modified_gmt":"2025-11-24T17:32:16","slug":"ya-hay-frijoles-del-bienestar","status":"publish","type":"post","link":"https:\/\/viralnayarit.com\/?p=555","title":{"rendered":"YA HAY FRIJOLES DEL BIENESTAR"},"content":{"rendered":"\n<p class=\"wp-block-paragraph\"><a><\/a>As\u00ed lo dio a conocer la presidenta, Claudia Sheinbaum , en la conferencia de prensa de esta ma\u00f1ana, frijoles del bienestar que costar\u00e1n a 30 pesos el kilo.<\/p>\n\n\n\n<figure class=\"wp-block-image size-large\"><img loading=\"lazy\" decoding=\"async\" width=\"1024\" height=\"1024\" src=\"https:\/\/viralnayarit.com\/wp-content\/uploads\/2025\/11\/583296887_1309919957813701_4041292069988367716_n-1024x1024.jpg\" alt=\"\" class=\"wp-image-556\" srcset=\"https:\/\/viralnayarit.com\/wp-content\/uploads\/2025\/11\/583296887_1309919957813701_4041292069988367716_n-1024x1024.jpg 1024w, https:\/\/viralnayarit.com\/wp-content\/uploads\/2025\/11\/583296887_1309919957813701_4041292069988367716_n-300x300.jpg 300w, https:\/\/viralnayarit.com\/wp-content\/uploads\/2025\/11\/583296887_1309919957813701_4041292069988367716_n-150x150.jpg 150w, https:\/\/viralnayarit.com\/wp-content\/uploads\/2025\/11\/583296887_1309919957813701_4041292069988367716_n-768x768.jpg 768w, https:\/\/viralnayarit.com\/wp-content\/uploads\/2025\/11\/583296887_1309919957813701_4041292069988367716_n.jpg 1440w\" sizes=\"auto, (max-width: 1024px) 100vw, 1024px\" \/><\/figure>\n","protected":false},"excerpt":{"rendered":"<p>As\u00ed lo dio a conocer la presidenta, Claudia Sheinbaum , en la conferencia de prensa&#8230;<\/p>\n","protected":false},"author":1,"featured_media":556,"comment_status":"open","ping_status":"open","sticky":false,"template":"","format":"standard","meta":{"footnotes":""},"categories":[1],"tags":[],"class_list":["post-555","post","type-post","status-publish","format-standard","has-post-thumbnail","hentry","category-uncategorized"],"_links":{"self":[{"href":"https:\/\/viralnayarit.com\/index.php?rest_route=\/wp\/v2\/posts\/555","targetHints":{"allow":["GET"]}}],"collection":[{"href":"https:\/\/viralnayarit.com\/index.php?rest_route=\/wp\/v2\/posts"}],"about":[{"href":"https:\/\/viralnayarit.com\/index.php?rest_route=\/wp\/v2\/types\/post"}],"author":[{"embeddable":true,"href":"https:\/\/viralnayarit.com\/index.php?rest_route=\/wp\/v2\/users\/1"}],"replies":[{"embeddable":true,"href":"https:\/\/viralnayarit.com\/index.php?rest_route=%2Fwp%2Fv2%2Fcomments&post=555"}],"version-history":[{"count":1,"href":"https:\/\/viralnayarit.com\/index.php?rest_route=\/wp\/v2\/posts\/555\/revisions"}],"predecessor-version":[{"id":557,"href":"https:\/\/viralnayarit.com\/index.php?rest_route=\/wp\/v2\/posts\/555\/revisions\/557"}],"wp:featuredmedia":[{"embeddable":true,"href":"https:\/\/viralnayarit.com\/index.php?rest_route=\/wp\/v2\/media\/556"}],"wp:attachment":[{"href":"https:\/\/viralnayarit.com\/index.php?rest_route=%2Fwp%2Fv2%2Fmedia&parent=555"}],"wp:term":[{"taxonomy":"category","embeddable":true,"href":"https:\/\/viralnayarit.com\/index.php?rest_route=%2Fwp%2Fv2%2Fcategories&post=555"},{"taxonomy":"post_tag","embeddable":true,"href":"https:\/\/viralnayarit.com\/index.php?rest_route=%2Fwp%2Fv2%2Ftags&post=555"}],"curies":[{"name":"wp","href":"https:\/\/api.w.org\/{rel}","templated":true}]}}