{"id":552,"date":"2025-11-19T18:54:18","date_gmt":"2025-11-19T18:54:18","guid":{"rendered":"https:\/\/viralnayarit.com\/?p=552"},"modified":"2025-11-19T18:54:19","modified_gmt":"2025-11-19T18:54:19","slug":"la-historia-detras-de-la-casa-mas-famosa-de-tepic","status":"publish","type":"post","link":"https:\/\/viralnayarit.com\/?p=552","title":{"rendered":"LA HISTORIA DETR\u00c1S DE LA CASA MAS FAMOSA DE TEPIC"},"content":{"rendered":"\n<p class=\"wp-block-paragraph\"><a><\/a>Esta fue la casa de la hacienda de las cofrad\u00edas unidas de Tepic: del Sant\u00edsimo Sacramento, Animas del Purgatorio y Pur\u00edsima Concepci\u00f3n. Todas propiedades de la Iglesia Cat\u00f3lica en el siglo XVIII<\/p>\n\n\n\n<p class=\"wp-block-paragraph\">Fue remodelada en el siglo XIX y ah\u00ed se concentraba el diezmo en especie de toda la regi\u00f3n para la Di\u00f3cesis y tambi\u00e9n fue temporalmente residencia de frailes, de acuerdo al historiador Pedro L\u00f3pez D\u00edaz.<\/p>\n\n\n\n<p class=\"wp-block-paragraph\">Despu\u00e9s de las Leyes de Reforma de Ju\u00e1rez, la Iglesia vendi\u00f3 o cedi\u00f3 su poder terrenal a particulares y esta zona ha cambiado de propietarios varias veces.<\/p>\n\n\n\n<p class=\"wp-block-paragraph\">Un hermoso y gran \u00e1rbol ha crecido de una manera sorprendente en esta antigua casa, escondida entre otros frondosos \u00e1rboles y bardas de la plaza Soriana y otros comercios. Se sabe que ahora forma parte de un establecimiento recreativo de los llamados &#8220;gotcha&#8221; y sigue siendo propiedad privada.<\/p>\n\n\n\n<p class=\"wp-block-paragraph\">Historia y naturaleza resisten al tiempo y a la destrucci\u00f3n en una extraordinaria simbiosis.<\/p>\n\n\n\n<p class=\"wp-block-paragraph\">Si puede, visitela, es probablemente el Vestigio Arquitect\u00f3nico m\u00e1s antiguo de Tepic.<\/p>\n\n\n\n<p class=\"wp-block-paragraph\">Informaci\u00f3n del guapet\u00f3n Ra\u00fal Valencia Carrillo<\/p>\n\n\n\n<figure class=\"wp-block-image size-full\"><img loading=\"lazy\" decoding=\"async\" width=\"720\" height=\"540\" src=\"https:\/\/viralnayarit.com\/wp-content\/uploads\/2025\/11\/584538838_1312208780918152_5007314904989275993_n.jpg\" alt=\"\" class=\"wp-image-553\" srcset=\"https:\/\/viralnayarit.com\/wp-content\/uploads\/2025\/11\/584538838_1312208780918152_5007314904989275993_n.jpg 720w, https:\/\/viralnayarit.com\/wp-content\/uploads\/2025\/11\/584538838_1312208780918152_5007314904989275993_n-300x225.jpg 300w\" sizes=\"auto, (max-width: 720px) 100vw, 720px\" \/><\/figure>\n","protected":false},"excerpt":{"rendered":"<p>Esta fue la casa de la hacienda de las cofrad\u00edas unidas de Tepic: del Sant\u00edsimo&#8230;<\/p>\n","protected":false},"author":1,"featured_media":553,"comment_status":"open","ping_status":"open","sticky":false,"template":"","format":"standard","meta":{"footnotes":""},"categories":[5,13,12],"tags":[],"class_list":["post-552","post","type-post","status-publish","format-standard","has-post-thumbnail","hentry","category-local","category-nacional","category-noticias"],"_links":{"self":[{"href":"https:\/\/viralnayarit.com\/index.php?rest_route=\/wp\/v2\/posts\/552","targetHints":{"allow":["GET"]}}],"collection":[{"href":"https:\/\/viralnayarit.com\/index.php?rest_route=\/wp\/v2\/posts"}],"about":[{"href":"https:\/\/viralnayarit.com\/index.php?rest_route=\/wp\/v2\/types\/post"}],"author":[{"embeddable":true,"href":"https:\/\/viralnayarit.com\/index.php?rest_route=\/wp\/v2\/users\/1"}],"replies":[{"embeddable":true,"href":"https:\/\/viralnayarit.com\/index.php?rest_route=%2Fwp%2Fv2%2Fcomments&post=552"}],"version-history":[{"count":1,"href":"https:\/\/viralnayarit.com\/index.php?rest_route=\/wp\/v2\/posts\/552\/revisions"}],"predecessor-version":[{"id":554,"href":"https:\/\/viralnayarit.com\/index.php?rest_route=\/wp\/v2\/posts\/552\/revisions\/554"}],"wp:featuredmedia":[{"embeddable":true,"href":"https:\/\/viralnayarit.com\/index.php?rest_route=\/wp\/v2\/media\/553"}],"wp:attachment":[{"href":"https:\/\/viralnayarit.com\/index.php?rest_route=%2Fwp%2Fv2%2Fmedia&parent=552"}],"wp:term":[{"taxonomy":"category","embeddable":true,"href":"https:\/\/viralnayarit.com\/index.php?rest_route=%2Fwp%2Fv2%2Fcategories&post=552"},{"taxonomy":"post_tag","embeddable":true,"href":"https:\/\/viralnayarit.com\/index.php?rest_route=%2Fwp%2Fv2%2Ftags&post=552"}],"curies":[{"name":"wp","href":"https:\/\/api.w.org\/{rel}","templated":true}]}}