{"id":538,"date":"2025-11-14T08:41:00","date_gmt":"2025-11-14T08:41:00","guid":{"rendered":"https:\/\/viralnayarit.com\/?p=538"},"modified":"2025-11-19T18:42:20","modified_gmt":"2025-11-19T18:42:20","slug":"hector-santana-entrega-una-nueva-obra-que-embellece-y-dignifica-a-la-mision","status":"publish","type":"post","link":"https:\/\/viralnayarit.com\/?p=538","title":{"rendered":"H\u00e9ctor Santana entrega una nueva obra que embellece y dignifica a La Misi\u00f3n"},"content":{"rendered":"\n<p class=\"wp-block-paragraph\"><a><\/a>Con el compromiso de seguir transformando el municipio, el presidente municipal H\u00e9ctor Javier Santana Garc\u00eda inaugur\u00f3 oficialmente la obra de pavimentaci\u00f3n con concreto hidr\u00e1ulico en la Avenida de las Misiones, ubicada entre las calles Avenida San Pedro y Misi\u00f3n Santa B\u00e1rbara, en el fraccionamiento La Misi\u00f3n de la localidad de San Vicente.<\/p>\n\n\n\n<p class=\"wp-block-paragraph\">Esta obra represent\u00f3 una inversi\u00f3n de 9 millones de pesos y tuvo un periodo de ejecuci\u00f3n de cuatro meses.<\/p>\n\n\n\n<p class=\"wp-block-paragraph\">Durante su mensaje, el alcalde H\u00e9ctor Santana destac\u00f3 que esta vialidad, antes de terracer\u00eda y afectada durante las lluvias, hoy se convierte en una de las avenidas m\u00e1s modernas y funcionales de la comunidad.<\/p>\n\n\n\n<p class=\"wp-block-paragraph\">\u201cHoy cambiamos una de las avenidas m\u00e1s feas por una de las m\u00e1s bonitas, no solo de La Misi\u00f3n, sino de todo Bah\u00eda de Banderas y de Nayarit. Esta obra tiene drenaje, tomas de agua, banquetas inclusivas y luminarias, porque nuestro compromiso es hacer obras completas y duraderas\u201d, afirm\u00f3 el presidente municipal.<\/p>\n\n\n\n<p class=\"wp-block-paragraph\">El proyecto contempla adem\u00e1s mejoras complementarias en la glorieta principal, la limpieza y rehabilitaci\u00f3n del canal pluvial, as\u00ed como el refuerzo del alumbrado p\u00fablico y el balizamiento vial, trabajos que fueron instruidos por el propio alcalde para garantizar que toda la zona quede en \u00f3ptimas condiciones.<\/p>\n\n\n\n<p class=\"wp-block-paragraph\">H\u00e9ctor Santana tambi\u00e9n anunci\u00f3 que se iniciar\u00e1 el proyecto de pavimentaci\u00f3n de la calle entre la primaria y el preescolar Misi\u00f3n Santa Isabel, con el objetivo de que los ni\u00f1os y ni\u00f1as puedan llegar a sus escuelas en condiciones seguras y dignas. Asimismo, adelant\u00f3 que en el corto plazo se colocar\u00e1n letras monumentales con el nombre \u201cLa Misi\u00f3n\u201d, y se gestionar\u00e1 una techumbre y rehabilitaci\u00f3n del parque p\u00fablico del fraccionamiento.<\/p>\n\n\n\n<figure class=\"wp-block-image size-large\"><img loading=\"lazy\" decoding=\"async\" width=\"1024\" height=\"683\" src=\"https:\/\/viralnayarit.com\/wp-content\/uploads\/2025\/11\/581819698_1309813654490998_8734612865425500678_n-1024x683.jpg\" alt=\"\" class=\"wp-image-539\" srcset=\"https:\/\/viralnayarit.com\/wp-content\/uploads\/2025\/11\/581819698_1309813654490998_8734612865425500678_n-1024x683.jpg 1024w, https:\/\/viralnayarit.com\/wp-content\/uploads\/2025\/11\/581819698_1309813654490998_8734612865425500678_n-300x200.jpg 300w, https:\/\/viralnayarit.com\/wp-content\/uploads\/2025\/11\/581819698_1309813654490998_8734612865425500678_n-768x512.jpg 768w, https:\/\/viralnayarit.com\/wp-content\/uploads\/2025\/11\/581819698_1309813654490998_8734612865425500678_n-1536x1025.jpg 1536w, https:\/\/viralnayarit.com\/wp-content\/uploads\/2025\/11\/581819698_1309813654490998_8734612865425500678_n.jpg 2048w\" sizes=\"auto, (max-width: 1024px) 100vw, 1024px\" \/><\/figure>\n","protected":false},"excerpt":{"rendered":"<p>Con el compromiso de seguir transformando el municipio, el presidente municipal H\u00e9ctor Javier Santana Garc\u00eda&#8230;<\/p>\n","protected":false},"author":1,"featured_media":539,"comment_status":"open","ping_status":"open","sticky":false,"template":"","format":"standard","meta":{"footnotes":""},"categories":[5,13,12],"tags":[],"class_list":["post-538","post","type-post","status-publish","format-standard","has-post-thumbnail","hentry","category-local","category-nacional","category-noticias"],"_links":{"self":[{"href":"https:\/\/viralnayarit.com\/index.php?rest_route=\/wp\/v2\/posts\/538","targetHints":{"allow":["GET"]}}],"collection":[{"href":"https:\/\/viralnayarit.com\/index.php?rest_route=\/wp\/v2\/posts"}],"about":[{"href":"https:\/\/viralnayarit.com\/index.php?rest_route=\/wp\/v2\/types\/post"}],"author":[{"embeddable":true,"href":"https:\/\/viralnayarit.com\/index.php?rest_route=\/wp\/v2\/users\/1"}],"replies":[{"embeddable":true,"href":"https:\/\/viralnayarit.com\/index.php?rest_route=%2Fwp%2Fv2%2Fcomments&post=538"}],"version-history":[{"count":1,"href":"https:\/\/viralnayarit.com\/index.php?rest_route=\/wp\/v2\/posts\/538\/revisions"}],"predecessor-version":[{"id":540,"href":"https:\/\/viralnayarit.com\/index.php?rest_route=\/wp\/v2\/posts\/538\/revisions\/540"}],"wp:featuredmedia":[{"embeddable":true,"href":"https:\/\/viralnayarit.com\/index.php?rest_route=\/wp\/v2\/media\/539"}],"wp:attachment":[{"href":"https:\/\/viralnayarit.com\/index.php?rest_route=%2Fwp%2Fv2%2Fmedia&parent=538"}],"wp:term":[{"taxonomy":"category","embeddable":true,"href":"https:\/\/viralnayarit.com\/index.php?rest_route=%2Fwp%2Fv2%2Fcategories&post=538"},{"taxonomy":"post_tag","embeddable":true,"href":"https:\/\/viralnayarit.com\/index.php?rest_route=%2Fwp%2Fv2%2Ftags&post=538"}],"curies":[{"name":"wp","href":"https:\/\/api.w.org\/{rel}","templated":true}]}}