{"id":535,"date":"2025-11-17T18:39:38","date_gmt":"2025-11-17T18:39:38","guid":{"rendered":"https:\/\/viralnayarit.com\/?p=535"},"modified":"2025-11-19T18:40:11","modified_gmt":"2025-11-19T18:40:11","slug":"hector-santana-autoriza-instalacion-gratuita-de-comerciantes-este-20-de-noviembre","status":"publish","type":"post","link":"https:\/\/viralnayarit.com\/?p=535","title":{"rendered":"H\u00e9ctor Santana autoriza instalaci\u00f3n gratuita de comerciantes este 20 de Noviembre"},"content":{"rendered":"\n<p class=\"wp-block-paragraph\"><a><\/a>Por instrucciones del presidente municipal de Bah\u00eda de Banderas, H\u00e9ctor Santana, comerciantes locales podr\u00e1n instalarse en la Plaza P\u00fablica de su comunidad para vender sus productos durante las actividades del 20 de Noviembre, sin pagar absolutamente nada.<\/p>\n\n\n\n<p class=\"wp-block-paragraph\">El presidente ha reiterado su compromiso con el comercio local y con las familias que dependen de esta actividad, por lo que esta medida busca brindarles un apoyo real en una fecha de alta participaci\u00f3n ciudadana. Adem\u00e1s, se hace \u00e9nfasis en que se respetar\u00e1n los espacios de los vendedores que tradicionalmente se colocan en estos puntos, asegurando que nadie resulte afectado.<\/p>\n\n\n\n<p class=\"wp-block-paragraph\">La invitaci\u00f3n est\u00e1 abierta para todos los comerciantes de Bah\u00eda de Banderas.<\/p>\n\n\n\n<p class=\"wp-block-paragraph\">Con estas acciones, el alcalde reafirma su cercan\u00eda con la ciudadan\u00eda y su decisi\u00f3n de impulsar la econom\u00eda local durante eventos c\u00edvicos que re\u00fanen a la comunidad.<\/p>\n\n\n\n<figure class=\"wp-block-image size-large\"><img loading=\"lazy\" decoding=\"async\" width=\"1024\" height=\"832\" src=\"https:\/\/viralnayarit.com\/wp-content\/uploads\/2025\/11\/584513730_1312491714223192_191729587979049007_n-1024x832.jpg\" alt=\"\" class=\"wp-image-536\" srcset=\"https:\/\/viralnayarit.com\/wp-content\/uploads\/2025\/11\/584513730_1312491714223192_191729587979049007_n-1024x832.jpg 1024w, https:\/\/viralnayarit.com\/wp-content\/uploads\/2025\/11\/584513730_1312491714223192_191729587979049007_n-300x244.jpg 300w, https:\/\/viralnayarit.com\/wp-content\/uploads\/2025\/11\/584513730_1312491714223192_191729587979049007_n-768x624.jpg 768w, https:\/\/viralnayarit.com\/wp-content\/uploads\/2025\/11\/584513730_1312491714223192_191729587979049007_n-1536x1248.jpg 1536w, https:\/\/viralnayarit.com\/wp-content\/uploads\/2025\/11\/584513730_1312491714223192_191729587979049007_n.jpg 1600w\" sizes=\"auto, (max-width: 1024px) 100vw, 1024px\" \/><\/figure>\n","protected":false},"excerpt":{"rendered":"<p>Por instrucciones del presidente municipal de Bah\u00eda de Banderas, H\u00e9ctor Santana, comerciantes locales podr\u00e1n instalarse&#8230;<\/p>\n","protected":false},"author":1,"featured_media":536,"comment_status":"open","ping_status":"open","sticky":false,"template":"","format":"standard","meta":{"footnotes":""},"categories":[5,13],"tags":[9,7,6],"class_list":["post-535","post","type-post","status-publish","format-standard","has-post-thumbnail","hentry","category-local","category-nacional","tag-local","tag-notiicias","tag-viral"],"_links":{"self":[{"href":"https:\/\/viralnayarit.com\/index.php?rest_route=\/wp\/v2\/posts\/535","targetHints":{"allow":["GET"]}}],"collection":[{"href":"https:\/\/viralnayarit.com\/index.php?rest_route=\/wp\/v2\/posts"}],"about":[{"href":"https:\/\/viralnayarit.com\/index.php?rest_route=\/wp\/v2\/types\/post"}],"author":[{"embeddable":true,"href":"https:\/\/viralnayarit.com\/index.php?rest_route=\/wp\/v2\/users\/1"}],"replies":[{"embeddable":true,"href":"https:\/\/viralnayarit.com\/index.php?rest_route=%2Fwp%2Fv2%2Fcomments&post=535"}],"version-history":[{"count":1,"href":"https:\/\/viralnayarit.com\/index.php?rest_route=\/wp\/v2\/posts\/535\/revisions"}],"predecessor-version":[{"id":537,"href":"https:\/\/viralnayarit.com\/index.php?rest_route=\/wp\/v2\/posts\/535\/revisions\/537"}],"wp:featuredmedia":[{"embeddable":true,"href":"https:\/\/viralnayarit.com\/index.php?rest_route=\/wp\/v2\/media\/536"}],"wp:attachment":[{"href":"https:\/\/viralnayarit.com\/index.php?rest_route=%2Fwp%2Fv2%2Fmedia&parent=535"}],"wp:term":[{"taxonomy":"category","embeddable":true,"href":"https:\/\/viralnayarit.com\/index.php?rest_route=%2Fwp%2Fv2%2Fcategories&post=535"},{"taxonomy":"post_tag","embeddable":true,"href":"https:\/\/viralnayarit.com\/index.php?rest_route=%2Fwp%2Fv2%2Ftags&post=535"}],"curies":[{"name":"wp","href":"https:\/\/api.w.org\/{rel}","templated":true}]}}