{"id":528,"date":"2025-11-19T18:21:57","date_gmt":"2025-11-19T18:21:57","guid":{"rendered":"https:\/\/viralnayarit.com\/?p=528"},"modified":"2025-11-19T18:21:57","modified_gmt":"2025-11-19T18:21:57","slug":"bahia-de-banderas-inaugura-dos-obras-el-dia-de-hoy","status":"publish","type":"post","link":"https:\/\/viralnayarit.com\/?p=528","title":{"rendered":"BAH\u00cdA DE BANDERAS INAUGURA DOS OBRAS EL D\u00cdA DE HOY"},"content":{"rendered":"\n<p class=\"wp-block-paragraph\"><a><\/a>El Gobierno de Bah\u00eda de Banderas, que encabeza el presidente municipal H\u00e9ctor Santana, invita a la ciudadan\u00eda a participar en la inauguraci\u00f3n de dos nuevas obras, se trata de la calle Zacatecas en Valle de Banderas, misma que se llevar\u00e1 a cabo en punto de las 5:00 p.m., al igual que la calle Uno en el Fraccionamiento Infonavit San Jos\u00e9 a las 6:30 p.m&#8230;<\/p>\n\n\n\n<figure class=\"wp-block-image size-large\"><img loading=\"lazy\" decoding=\"async\" width=\"853\" height=\"1024\" src=\"https:\/\/viralnayarit.com\/wp-content\/uploads\/2025\/11\/585350109_1313825550756475_1293411503027349214_n-853x1024.jpg\" alt=\"\" class=\"wp-image-529\" srcset=\"https:\/\/viralnayarit.com\/wp-content\/uploads\/2025\/11\/585350109_1313825550756475_1293411503027349214_n-853x1024.jpg 853w, https:\/\/viralnayarit.com\/wp-content\/uploads\/2025\/11\/585350109_1313825550756475_1293411503027349214_n-250x300.jpg 250w, https:\/\/viralnayarit.com\/wp-content\/uploads\/2025\/11\/585350109_1313825550756475_1293411503027349214_n-768x922.jpg 768w, https:\/\/viralnayarit.com\/wp-content\/uploads\/2025\/11\/585350109_1313825550756475_1293411503027349214_n-1280x1536.jpg 1280w, https:\/\/viralnayarit.com\/wp-content\/uploads\/2025\/11\/585350109_1313825550756475_1293411503027349214_n-1024x1229.jpg 1024w, https:\/\/viralnayarit.com\/wp-content\/uploads\/2025\/11\/585350109_1313825550756475_1293411503027349214_n.jpg 1706w\" sizes=\"auto, (max-width: 853px) 100vw, 853px\" \/><\/figure>\n\n\n\n<figure class=\"wp-block-image size-large\"><img loading=\"lazy\" decoding=\"async\" width=\"853\" height=\"1024\" src=\"https:\/\/viralnayarit.com\/wp-content\/uploads\/2025\/11\/585351321_1313825494089814_8703883653511301867_n-853x1024.jpg\" alt=\"\" class=\"wp-image-530\" srcset=\"https:\/\/viralnayarit.com\/wp-content\/uploads\/2025\/11\/585351321_1313825494089814_8703883653511301867_n-853x1024.jpg 853w, https:\/\/viralnayarit.com\/wp-content\/uploads\/2025\/11\/585351321_1313825494089814_8703883653511301867_n-250x300.jpg 250w, https:\/\/viralnayarit.com\/wp-content\/uploads\/2025\/11\/585351321_1313825494089814_8703883653511301867_n-768x922.jpg 768w, https:\/\/viralnayarit.com\/wp-content\/uploads\/2025\/11\/585351321_1313825494089814_8703883653511301867_n-1280x1536.jpg 1280w, https:\/\/viralnayarit.com\/wp-content\/uploads\/2025\/11\/585351321_1313825494089814_8703883653511301867_n-1024x1229.jpg 1024w, https:\/\/viralnayarit.com\/wp-content\/uploads\/2025\/11\/585351321_1313825494089814_8703883653511301867_n.jpg 1706w\" sizes=\"auto, (max-width: 853px) 100vw, 853px\" \/><\/figure>\n","protected":false},"excerpt":{"rendered":"<p>El Gobierno de Bah\u00eda de Banderas, que encabeza el presidente municipal H\u00e9ctor Santana, invita a&#8230;<\/p>\n","protected":false},"author":1,"featured_media":529,"comment_status":"open","ping_status":"open","sticky":false,"template":"","format":"standard","meta":{"footnotes":""},"categories":[5,13,12],"tags":[9,11,7],"class_list":["post-528","post","type-post","status-publish","format-standard","has-post-thumbnail","hentry","category-local","category-nacional","category-noticias","tag-local","tag-nacional","tag-notiicias"],"_links":{"self":[{"href":"https:\/\/viralnayarit.com\/index.php?rest_route=\/wp\/v2\/posts\/528","targetHints":{"allow":["GET"]}}],"collection":[{"href":"https:\/\/viralnayarit.com\/index.php?rest_route=\/wp\/v2\/posts"}],"about":[{"href":"https:\/\/viralnayarit.com\/index.php?rest_route=\/wp\/v2\/types\/post"}],"author":[{"embeddable":true,"href":"https:\/\/viralnayarit.com\/index.php?rest_route=\/wp\/v2\/users\/1"}],"replies":[{"embeddable":true,"href":"https:\/\/viralnayarit.com\/index.php?rest_route=%2Fwp%2Fv2%2Fcomments&post=528"}],"version-history":[{"count":1,"href":"https:\/\/viralnayarit.com\/index.php?rest_route=\/wp\/v2\/posts\/528\/revisions"}],"predecessor-version":[{"id":531,"href":"https:\/\/viralnayarit.com\/index.php?rest_route=\/wp\/v2\/posts\/528\/revisions\/531"}],"wp:featuredmedia":[{"embeddable":true,"href":"https:\/\/viralnayarit.com\/index.php?rest_route=\/wp\/v2\/media\/529"}],"wp:attachment":[{"href":"https:\/\/viralnayarit.com\/index.php?rest_route=%2Fwp%2Fv2%2Fmedia&parent=528"}],"wp:term":[{"taxonomy":"category","embeddable":true,"href":"https:\/\/viralnayarit.com\/index.php?rest_route=%2Fwp%2Fv2%2Fcategories&post=528"},{"taxonomy":"post_tag","embeddable":true,"href":"https:\/\/viralnayarit.com\/index.php?rest_route=%2Fwp%2Fv2%2Ftags&post=528"}],"curies":[{"name":"wp","href":"https:\/\/api.w.org\/{rel}","templated":true}]}}