{"id":51,"date":"2024-07-30T09:00:00","date_gmt":"2024-07-30T09:00:00","guid":{"rendered":"https:\/\/viralnayarit.com\/?p=51"},"modified":"2024-08-05T22:11:29","modified_gmt":"2024-08-05T22:11:29","slug":"para-el-congreso-de-nayarit-es-fundamental-promover-el-talento-de-los-futuros-escritores","status":"publish","type":"post","link":"https:\/\/viralnayarit.com\/?p=51","title":{"rendered":"PARA EL CONGRESO DE NAYARIT ES FUNDAMENTAL PROMOVER EL TALENTO DE LOS FUTUROS ESCRITORES"},"content":{"rendered":"\n<p class=\"wp-block-paragraph\"><\/p>\n\n\n\n<p class=\"wp-block-paragraph\">Tepic, 30 de Julio de 2024. <\/p>\n\n\n\n<p class=\"wp-block-paragraph\">\ud83c\udf4e Los diputados y diputadas estamos trabajando arduamente para promulgar la reforma a la Ley de Fomento para la Creaci\u00f3n de Libros y la Lectura en el estado de Nayarit, incentivando a ni\u00f1as, ni\u00f1os y adolescentes a explorar la escritura creativa.<\/p>\n\n\n\n<p class=\"wp-block-paragraph\">\ud83d\udcda Esta reforma tiene como objetivo reconocer la escritura creativa como un medio de expresi\u00f3n personal y cultural.<\/p>\n\n\n\n<p class=\"wp-block-paragraph\">\u203c\ufe0fContinuamos impulsando y fortaleciendo la cultura a trav\u00e9s de la educaci\u00f3n.<\/p>\n\n\n\n<figure class=\"wp-block-gallery has-nested-images columns-default is-cropped wp-block-gallery-1 is-layout-flex wp-block-gallery-is-layout-flex\">\n<figure class=\"wp-block-image size-large\"><img loading=\"lazy\" decoding=\"async\" width=\"768\" height=\"960\" data-id=\"52\" src=\"https:\/\/viralnayarit.com\/wp-content\/uploads\/2024\/08\/WhatsApp-Image-2024-07-31-at-10.53.19-PM.jpeg\" alt=\"\" class=\"wp-image-52\" srcset=\"https:\/\/viralnayarit.com\/wp-content\/uploads\/2024\/08\/WhatsApp-Image-2024-07-31-at-10.53.19-PM.jpeg 768w, https:\/\/viralnayarit.com\/wp-content\/uploads\/2024\/08\/WhatsApp-Image-2024-07-31-at-10.53.19-PM-240x300.jpeg 240w\" sizes=\"auto, (max-width: 768px) 100vw, 768px\" \/><\/figure>\n<\/figure>\n","protected":false},"excerpt":{"rendered":"<p>Tepic, 30 de Julio de 2024. \ud83c\udf4e Los diputados y diputadas estamos trabajando arduamente para&#8230;<\/p>\n","protected":false},"author":1,"featured_media":52,"comment_status":"open","ping_status":"open","sticky":false,"template":"","format":"standard","meta":{"footnotes":""},"categories":[5,12],"tags":[7],"class_list":["post-51","post","type-post","status-publish","format-standard","has-post-thumbnail","hentry","category-local","category-noticias","tag-notiicias"],"_links":{"self":[{"href":"https:\/\/viralnayarit.com\/index.php?rest_route=\/wp\/v2\/posts\/51","targetHints":{"allow":["GET"]}}],"collection":[{"href":"https:\/\/viralnayarit.com\/index.php?rest_route=\/wp\/v2\/posts"}],"about":[{"href":"https:\/\/viralnayarit.com\/index.php?rest_route=\/wp\/v2\/types\/post"}],"author":[{"embeddable":true,"href":"https:\/\/viralnayarit.com\/index.php?rest_route=\/wp\/v2\/users\/1"}],"replies":[{"embeddable":true,"href":"https:\/\/viralnayarit.com\/index.php?rest_route=%2Fwp%2Fv2%2Fcomments&post=51"}],"version-history":[{"count":2,"href":"https:\/\/viralnayarit.com\/index.php?rest_route=\/wp\/v2\/posts\/51\/revisions"}],"predecessor-version":[{"id":71,"href":"https:\/\/viralnayarit.com\/index.php?rest_route=\/wp\/v2\/posts\/51\/revisions\/71"}],"wp:featuredmedia":[{"embeddable":true,"href":"https:\/\/viralnayarit.com\/index.php?rest_route=\/wp\/v2\/media\/52"}],"wp:attachment":[{"href":"https:\/\/viralnayarit.com\/index.php?rest_route=%2Fwp%2Fv2%2Fmedia&parent=51"}],"wp:term":[{"taxonomy":"category","embeddable":true,"href":"https:\/\/viralnayarit.com\/index.php?rest_route=%2Fwp%2Fv2%2Fcategories&post=51"},{"taxonomy":"post_tag","embeddable":true,"href":"https:\/\/viralnayarit.com\/index.php?rest_route=%2Fwp%2Fv2%2Ftags&post=51"}],"curies":[{"name":"wp","href":"https:\/\/api.w.org\/{rel}","templated":true}]}}