{"id":454,"date":"2025-10-02T12:40:00","date_gmt":"2025-10-02T12:40:00","guid":{"rendered":"https:\/\/viralnayarit.com\/?p=454"},"modified":"2025-10-15T18:40:49","modified_gmt":"2025-10-15T18:40:49","slug":"campana-de-regularizacion-del-pago-de-predial-y-agua-llega-hoy-a-san-vicente-del-mar","status":"publish","type":"post","link":"https:\/\/viralnayarit.com\/?p=454","title":{"rendered":"Campa\u00f1a de regularizaci\u00f3n del pago de Predial y Agua llega hoy a San Vicente del Mar"},"content":{"rendered":"\n<p class=\"wp-block-paragraph\"><a><\/a>Con el objetivo de brindar facilidades a la ciudadan\u00eda y fortalecer la recaudaci\u00f3n destinada a obras y servicios p\u00fablicos, el presidente municipal de Bah\u00eda de Banderas, H\u00e9ctor Santana, puso en marcha una campa\u00f1a especial de regularizaci\u00f3n del pago de Predial y Agua, en coordinaci\u00f3n con el OROMAPAS y la Jefatura de Fiscalizaci\u00f3n y Apremios.<\/p>\n\n\n\n<p class=\"wp-block-paragraph\">Esta jornada se llevar\u00e1 a cabo hoy jueves 2 de octubre, en un horario de 3:00 p.m. a 7:00 p.m., en el Plaza P\u00fablica de San Vicente del Mar, donde se atender\u00e1 a todos aquellos contribuyentes que deseen ponerse al d\u00eda en sus obligaciones fiscales.<\/p>\n\n\n\n<p class=\"wp-block-paragraph\">El programa ofrecer\u00e1 descuentos y facilidades especiales, con la intenci\u00f3n de que m\u00e1s familias puedan cumplir de manera r\u00e1pida y sencilla con sus pagos.<\/p>\n\n\n\n<p class=\"wp-block-paragraph\">El presidente H\u00e9ctor Santana ha reiterado en varias ocasiones que tanto el impuesto predial como el pago del agua representan ingresos fundamentales para seguir invirtiendo en obras y servicios que beneficien directamente a todas las comunidades del municipio.<\/p>\n\n\n\n<p class=\"wp-block-paragraph\">La administraci\u00f3n municipal invita a la poblaci\u00f3n a que aproveche esta oportunidad para regularizarse y contribuir al desarrollo de Bah\u00eda de Banderas.<\/p>\n\n\n\n<figure class=\"wp-block-image size-large\"><img loading=\"lazy\" decoding=\"async\" width=\"819\" height=\"1024\" src=\"https:\/\/viralnayarit.com\/wp-content\/uploads\/2025\/10\/557748180_1271007088371655_3301096090249237446_n-819x1024.jpg\" alt=\"\" class=\"wp-image-455\" srcset=\"https:\/\/viralnayarit.com\/wp-content\/uploads\/2025\/10\/557748180_1271007088371655_3301096090249237446_n-819x1024.jpg 819w, https:\/\/viralnayarit.com\/wp-content\/uploads\/2025\/10\/557748180_1271007088371655_3301096090249237446_n-240x300.jpg 240w, https:\/\/viralnayarit.com\/wp-content\/uploads\/2025\/10\/557748180_1271007088371655_3301096090249237446_n-768x961.jpg 768w, https:\/\/viralnayarit.com\/wp-content\/uploads\/2025\/10\/557748180_1271007088371655_3301096090249237446_n-1228x1536.jpg 1228w, https:\/\/viralnayarit.com\/wp-content\/uploads\/2025\/10\/557748180_1271007088371655_3301096090249237446_n-1024x1281.jpg 1024w, https:\/\/viralnayarit.com\/wp-content\/uploads\/2025\/10\/557748180_1271007088371655_3301096090249237446_n.jpg 1279w\" sizes=\"auto, (max-width: 819px) 100vw, 819px\" \/><\/figure>\n","protected":false},"excerpt":{"rendered":"<p>Con el objetivo de brindar facilidades a la ciudadan\u00eda y fortalecer la recaudaci\u00f3n destinada a&#8230;<\/p>\n","protected":false},"author":1,"featured_media":455,"comment_status":"open","ping_status":"open","sticky":false,"template":"","format":"standard","meta":{"footnotes":""},"categories":[5,13],"tags":[9,7],"class_list":["post-454","post","type-post","status-publish","format-standard","has-post-thumbnail","hentry","category-local","category-nacional","tag-local","tag-notiicias"],"_links":{"self":[{"href":"https:\/\/viralnayarit.com\/index.php?rest_route=\/wp\/v2\/posts\/454","targetHints":{"allow":["GET"]}}],"collection":[{"href":"https:\/\/viralnayarit.com\/index.php?rest_route=\/wp\/v2\/posts"}],"about":[{"href":"https:\/\/viralnayarit.com\/index.php?rest_route=\/wp\/v2\/types\/post"}],"author":[{"embeddable":true,"href":"https:\/\/viralnayarit.com\/index.php?rest_route=\/wp\/v2\/users\/1"}],"replies":[{"embeddable":true,"href":"https:\/\/viralnayarit.com\/index.php?rest_route=%2Fwp%2Fv2%2Fcomments&post=454"}],"version-history":[{"count":1,"href":"https:\/\/viralnayarit.com\/index.php?rest_route=\/wp\/v2\/posts\/454\/revisions"}],"predecessor-version":[{"id":456,"href":"https:\/\/viralnayarit.com\/index.php?rest_route=\/wp\/v2\/posts\/454\/revisions\/456"}],"wp:featuredmedia":[{"embeddable":true,"href":"https:\/\/viralnayarit.com\/index.php?rest_route=\/wp\/v2\/media\/455"}],"wp:attachment":[{"href":"https:\/\/viralnayarit.com\/index.php?rest_route=%2Fwp%2Fv2%2Fmedia&parent=454"}],"wp:term":[{"taxonomy":"category","embeddable":true,"href":"https:\/\/viralnayarit.com\/index.php?rest_route=%2Fwp%2Fv2%2Fcategories&post=454"},{"taxonomy":"post_tag","embeddable":true,"href":"https:\/\/viralnayarit.com\/index.php?rest_route=%2Fwp%2Fv2%2Ftags&post=454"}],"curies":[{"name":"wp","href":"https:\/\/api.w.org\/{rel}","templated":true}]}}