{"id":409,"date":"2025-09-29T20:46:47","date_gmt":"2025-09-29T20:46:47","guid":{"rendered":"https:\/\/viralnayarit.com\/?p=409"},"modified":"2025-09-29T20:46:47","modified_gmt":"2025-09-29T20:46:47","slug":"nayaritas-dan-el-grito-en-japon","status":"publish","type":"post","link":"https:\/\/viralnayarit.com\/?p=409","title":{"rendered":"NAYARITAS DAN EL GRITO EN JAP\u00d3N"},"content":{"rendered":"\n<p class=\"wp-block-paragraph\"><\/p>\n\n\n\n<p class=\"wp-block-paragraph\">En el <a><\/a>mundialmente famoso cruce de Shibuya, Nayaritas brindan por un aniversario m\u00e1s de la Independencia de nuestro M\u00e9xico.<\/p>\n\n\n\n<p class=\"wp-block-paragraph\">Es conocido por ser el cruce m\u00e1s transitado del mundo entero: se calcula que alrededor de un mill\u00f3n de personas pasan por all\u00ed a diario, y por \u00e9l pueden cruzar hasta 3.000 personas al mismo tiempo cada vez que la luz del sem\u00e1foro para los peatones se pone en verde.<\/p>\n\n\n\n<figure class=\"wp-block-image size-large\"><img loading=\"lazy\" decoding=\"async\" width=\"1010\" height=\"1024\" src=\"https:\/\/viralnayarit.com\/wp-content\/uploads\/2025\/09\/Captura-de-pantalla-2025-09-29-a-las-1.45.36-p.m-1010x1024.png\" alt=\"\" class=\"wp-image-410\" srcset=\"https:\/\/viralnayarit.com\/wp-content\/uploads\/2025\/09\/Captura-de-pantalla-2025-09-29-a-las-1.45.36-p.m-1010x1024.png 1010w, https:\/\/viralnayarit.com\/wp-content\/uploads\/2025\/09\/Captura-de-pantalla-2025-09-29-a-las-1.45.36-p.m-296x300.png 296w, https:\/\/viralnayarit.com\/wp-content\/uploads\/2025\/09\/Captura-de-pantalla-2025-09-29-a-las-1.45.36-p.m-768x778.png 768w, https:\/\/viralnayarit.com\/wp-content\/uploads\/2025\/09\/Captura-de-pantalla-2025-09-29-a-las-1.45.36-p.m-1024x1038.png 1024w, https:\/\/viralnayarit.com\/wp-content\/uploads\/2025\/09\/Captura-de-pantalla-2025-09-29-a-las-1.45.36-p.m.png 1028w\" sizes=\"auto, (max-width: 1010px) 100vw, 1010px\" \/><\/figure>\n","protected":false},"excerpt":{"rendered":"<p>En el mundialmente famoso cruce de Shibuya, Nayaritas brindan por un aniversario m\u00e1s de la&#8230;<\/p>\n","protected":false},"author":1,"featured_media":410,"comment_status":"open","ping_status":"open","sticky":false,"template":"","format":"standard","meta":{"footnotes":""},"categories":[5,13,12,1],"tags":[10,11,7,6],"class_list":["post-409","post","type-post","status-publish","format-standard","has-post-thumbnail","hentry","category-local","category-nacional","category-noticias","category-uncategorized","tag-historia","tag-nacional","tag-notiicias","tag-viral"],"_links":{"self":[{"href":"https:\/\/viralnayarit.com\/index.php?rest_route=\/wp\/v2\/posts\/409","targetHints":{"allow":["GET"]}}],"collection":[{"href":"https:\/\/viralnayarit.com\/index.php?rest_route=\/wp\/v2\/posts"}],"about":[{"href":"https:\/\/viralnayarit.com\/index.php?rest_route=\/wp\/v2\/types\/post"}],"author":[{"embeddable":true,"href":"https:\/\/viralnayarit.com\/index.php?rest_route=\/wp\/v2\/users\/1"}],"replies":[{"embeddable":true,"href":"https:\/\/viralnayarit.com\/index.php?rest_route=%2Fwp%2Fv2%2Fcomments&post=409"}],"version-history":[{"count":1,"href":"https:\/\/viralnayarit.com\/index.php?rest_route=\/wp\/v2\/posts\/409\/revisions"}],"predecessor-version":[{"id":411,"href":"https:\/\/viralnayarit.com\/index.php?rest_route=\/wp\/v2\/posts\/409\/revisions\/411"}],"wp:featuredmedia":[{"embeddable":true,"href":"https:\/\/viralnayarit.com\/index.php?rest_route=\/wp\/v2\/media\/410"}],"wp:attachment":[{"href":"https:\/\/viralnayarit.com\/index.php?rest_route=%2Fwp%2Fv2%2Fmedia&parent=409"}],"wp:term":[{"taxonomy":"category","embeddable":true,"href":"https:\/\/viralnayarit.com\/index.php?rest_route=%2Fwp%2Fv2%2Fcategories&post=409"},{"taxonomy":"post_tag","embeddable":true,"href":"https:\/\/viralnayarit.com\/index.php?rest_route=%2Fwp%2Fv2%2Ftags&post=409"}],"curies":[{"name":"wp","href":"https:\/\/api.w.org\/{rel}","templated":true}]}}