{"id":385,"date":"2025-09-29T20:17:55","date_gmt":"2025-09-29T20:17:55","guid":{"rendered":"https:\/\/viralnayarit.com\/?p=385"},"modified":"2025-09-29T20:17:55","modified_gmt":"2025-09-29T20:17:55","slug":"nayarit-presente-en-miss-gay-intercontinental","status":"publish","type":"post","link":"https:\/\/viralnayarit.com\/?p=385","title":{"rendered":"NAYARIT PRESENTE EN MISS GAY INTERCONTINENTAL"},"content":{"rendered":"\n<p class=\"wp-block-paragraph\">Jaretzy Marmolejo<\/p>\n\n\n\n<p class=\"wp-block-paragraph\">&#8220;El representar a mi Estado, siento orgullo ya que estoy realizando mi sue\u00f1o de poder alzar la voz por todas aquellas personas que ya no est\u00e1n con nosotres <img loading=\"lazy\" decoding=\"async\" height=\"16\" width=\"16\" alt=\"\ud83e\udd0d\" src=\"https:\/\/static.xx.fbcdn.net\/images\/emoji.php\/v9\/t64\/2\/16\/1f90d.png\"> me siento muy feliz, con sentimientos encontrados <img loading=\"lazy\" decoding=\"async\" height=\"16\" width=\"16\" alt=\"\ud83e\udd79\" src=\"https:\/\/static.xx.fbcdn.net\/images\/emoji.php\/v9\/t12\/2\/16\/1f979.png\">.<\/p>\n\n\n\n<p class=\"wp-block-paragraph\">Mis metas son llegar lejos, ser muy reconocida, apoyar a mucha gente de bajos recursos! Y ser una gran representante de Todo Nayarit!<img loading=\"lazy\" decoding=\"async\" height=\"16\" width=\"16\" alt=\"\u2728\" src=\"https:\/\/static.xx.fbcdn.net\/images\/emoji.php\/v9\/t75\/2\/16\/2728.png\"><\/p>\n\n\n\n<p class=\"wp-block-paragraph\">Me gusta mucho modelar, dar consejos y estar para cada persona que me necesita.<\/p>\n\n\n\n<p class=\"wp-block-paragraph\">Me encanta Nayarit, todo de \u00e9l, cada rinc\u00f3n de mi bello Estado es muy especial. Somos valientes, responsables, muy hospitalarios y sobre todo serviciales.<\/p>\n\n\n\n<p class=\"wp-block-paragraph\">Te invito a que sigas mis pasos rumbo a la corona de Certamen Intercontinental Gay.<\/p>\n\n\n\n<p class=\"wp-block-paragraph\">Vamos con todo Nayarit!<\/p>\n\n\n\n<p class=\"wp-block-paragraph\">Tierra ardiente cuna de valientes, as\u00ed es NAYARIT!!!&#8221;; asi comenta Jaretzy, quien busca romper tab\u00faes en torno a la participaci\u00f3n de la comunidad LGBTQ en los concursos de belleza.<\/p>\n\n\n\n<figure class=\"wp-block-image size-large\"><img loading=\"lazy\" decoding=\"async\" width=\"1024\" height=\"768\" src=\"https:\/\/viralnayarit.com\/wp-content\/uploads\/2025\/09\/WhatsApp-Image-2025-09-29-at-13.13.48-1024x768.jpeg\" alt=\"\" class=\"wp-image-386\" srcset=\"https:\/\/viralnayarit.com\/wp-content\/uploads\/2025\/09\/WhatsApp-Image-2025-09-29-at-13.13.48-1024x768.jpeg 1024w, https:\/\/viralnayarit.com\/wp-content\/uploads\/2025\/09\/WhatsApp-Image-2025-09-29-at-13.13.48-300x225.jpeg 300w, https:\/\/viralnayarit.com\/wp-content\/uploads\/2025\/09\/WhatsApp-Image-2025-09-29-at-13.13.48-768x576.jpeg 768w, https:\/\/viralnayarit.com\/wp-content\/uploads\/2025\/09\/WhatsApp-Image-2025-09-29-at-13.13.48-1536x1152.jpeg 1536w, https:\/\/viralnayarit.com\/wp-content\/uploads\/2025\/09\/WhatsApp-Image-2025-09-29-at-13.13.48.jpeg 1600w\" sizes=\"auto, (max-width: 1024px) 100vw, 1024px\" \/><\/figure>\n","protected":false},"excerpt":{"rendered":"<p>Jaretzy Marmolejo &#8220;El representar a mi Estado, siento orgullo ya que estoy realizando mi sue\u00f1o&#8230;<\/p>\n","protected":false},"author":1,"featured_media":386,"comment_status":"open","ping_status":"open","sticky":false,"template":"","format":"standard","meta":{"footnotes":""},"categories":[5,13,12],"tags":[9,11,6],"class_list":["post-385","post","type-post","status-publish","format-standard","has-post-thumbnail","hentry","category-local","category-nacional","category-noticias","tag-local","tag-nacional","tag-viral"],"_links":{"self":[{"href":"https:\/\/viralnayarit.com\/index.php?rest_route=\/wp\/v2\/posts\/385","targetHints":{"allow":["GET"]}}],"collection":[{"href":"https:\/\/viralnayarit.com\/index.php?rest_route=\/wp\/v2\/posts"}],"about":[{"href":"https:\/\/viralnayarit.com\/index.php?rest_route=\/wp\/v2\/types\/post"}],"author":[{"embeddable":true,"href":"https:\/\/viralnayarit.com\/index.php?rest_route=\/wp\/v2\/users\/1"}],"replies":[{"embeddable":true,"href":"https:\/\/viralnayarit.com\/index.php?rest_route=%2Fwp%2Fv2%2Fcomments&post=385"}],"version-history":[{"count":1,"href":"https:\/\/viralnayarit.com\/index.php?rest_route=\/wp\/v2\/posts\/385\/revisions"}],"predecessor-version":[{"id":387,"href":"https:\/\/viralnayarit.com\/index.php?rest_route=\/wp\/v2\/posts\/385\/revisions\/387"}],"wp:featuredmedia":[{"embeddable":true,"href":"https:\/\/viralnayarit.com\/index.php?rest_route=\/wp\/v2\/media\/386"}],"wp:attachment":[{"href":"https:\/\/viralnayarit.com\/index.php?rest_route=%2Fwp%2Fv2%2Fmedia&parent=385"}],"wp:term":[{"taxonomy":"category","embeddable":true,"href":"https:\/\/viralnayarit.com\/index.php?rest_route=%2Fwp%2Fv2%2Fcategories&post=385"},{"taxonomy":"post_tag","embeddable":true,"href":"https:\/\/viralnayarit.com\/index.php?rest_route=%2Fwp%2Fv2%2Ftags&post=385"}],"curies":[{"name":"wp","href":"https:\/\/api.w.org\/{rel}","templated":true}]}}