{"id":381,"date":"2025-08-29T02:34:25","date_gmt":"2025-08-29T02:34:25","guid":{"rendered":"https:\/\/viralnayarit.com\/?p=381"},"modified":"2025-09-02T02:34:46","modified_gmt":"2025-09-02T02:34:46","slug":"la-primera-abogada-con-sindrome-de-down-es-mexicana","status":"publish","type":"post","link":"https:\/\/viralnayarit.com\/?p=381","title":{"rendered":"LA PRIMERA ABOGADA CON S\u00cdNDROME DE DOWN ES MEXICANA"},"content":{"rendered":"\n<p class=\"wp-block-paragraph\">Ana Victoria Espino se convirti\u00f3 en la primera Abogada con s\u00edndrome de Down en el mundo.<\/p>\n\n\n\n<p class=\"wp-block-paragraph\"><a><\/a>Con esfuerzo, perseverancia y el apoyo de su familia, rompi\u00f3 paradigmas y abri\u00f3 el camino para miles de personas que sue\u00f1an con un futuro sin l\u00edmites, hoy recordamos esta gran haza\u00f1a.<\/p>\n\n\n\n<figure class=\"wp-block-image size-large\"><img loading=\"lazy\" decoding=\"async\" width=\"818\" height=\"1024\" src=\"https:\/\/viralnayarit.com\/wp-content\/uploads\/2025\/09\/539813915_1241316348007396_2404515675359487764_n-818x1024.jpg\" alt=\"\" class=\"wp-image-382\" srcset=\"https:\/\/viralnayarit.com\/wp-content\/uploads\/2025\/09\/539813915_1241316348007396_2404515675359487764_n-818x1024.jpg 818w, https:\/\/viralnayarit.com\/wp-content\/uploads\/2025\/09\/539813915_1241316348007396_2404515675359487764_n-240x300.jpg 240w, https:\/\/viralnayarit.com\/wp-content\/uploads\/2025\/09\/539813915_1241316348007396_2404515675359487764_n-768x961.jpg 768w, https:\/\/viralnayarit.com\/wp-content\/uploads\/2025\/09\/539813915_1241316348007396_2404515675359487764_n-1228x1536.jpg 1228w, https:\/\/viralnayarit.com\/wp-content\/uploads\/2025\/09\/539813915_1241316348007396_2404515675359487764_n-1024x1281.jpg 1024w, https:\/\/viralnayarit.com\/wp-content\/uploads\/2025\/09\/539813915_1241316348007396_2404515675359487764_n.jpg 1290w\" sizes=\"auto, (max-width: 818px) 100vw, 818px\" \/><\/figure>\n","protected":false},"excerpt":{"rendered":"<p>Ana Victoria Espino se convirti\u00f3 en la primera Abogada con s\u00edndrome de Down en el&#8230;<\/p>\n","protected":false},"author":1,"featured_media":382,"comment_status":"open","ping_status":"open","sticky":false,"template":"","format":"standard","meta":{"footnotes":""},"categories":[13,12],"tags":[7,6],"class_list":["post-381","post","type-post","status-publish","format-standard","has-post-thumbnail","hentry","category-nacional","category-noticias","tag-notiicias","tag-viral"],"_links":{"self":[{"href":"https:\/\/viralnayarit.com\/index.php?rest_route=\/wp\/v2\/posts\/381","targetHints":{"allow":["GET"]}}],"collection":[{"href":"https:\/\/viralnayarit.com\/index.php?rest_route=\/wp\/v2\/posts"}],"about":[{"href":"https:\/\/viralnayarit.com\/index.php?rest_route=\/wp\/v2\/types\/post"}],"author":[{"embeddable":true,"href":"https:\/\/viralnayarit.com\/index.php?rest_route=\/wp\/v2\/users\/1"}],"replies":[{"embeddable":true,"href":"https:\/\/viralnayarit.com\/index.php?rest_route=%2Fwp%2Fv2%2Fcomments&post=381"}],"version-history":[{"count":1,"href":"https:\/\/viralnayarit.com\/index.php?rest_route=\/wp\/v2\/posts\/381\/revisions"}],"predecessor-version":[{"id":383,"href":"https:\/\/viralnayarit.com\/index.php?rest_route=\/wp\/v2\/posts\/381\/revisions\/383"}],"wp:featuredmedia":[{"embeddable":true,"href":"https:\/\/viralnayarit.com\/index.php?rest_route=\/wp\/v2\/media\/382"}],"wp:attachment":[{"href":"https:\/\/viralnayarit.com\/index.php?rest_route=%2Fwp%2Fv2%2Fmedia&parent=381"}],"wp:term":[{"taxonomy":"category","embeddable":true,"href":"https:\/\/viralnayarit.com\/index.php?rest_route=%2Fwp%2Fv2%2Fcategories&post=381"},{"taxonomy":"post_tag","embeddable":true,"href":"https:\/\/viralnayarit.com\/index.php?rest_route=%2Fwp%2Fv2%2Ftags&post=381"}],"curies":[{"name":"wp","href":"https:\/\/api.w.org\/{rel}","templated":true}]}}