{"id":376,"date":"2025-08-25T17:43:55","date_gmt":"2025-08-25T17:43:55","guid":{"rendered":"https:\/\/viralnayarit.com\/?p=376"},"modified":"2025-08-25T17:43:56","modified_gmt":"2025-08-25T17:43:56","slug":"la-leyenda-de-la-nina-nina-de-piedra-del-panteon-hidalgo","status":"publish","type":"post","link":"https:\/\/viralnayarit.com\/?p=376","title":{"rendered":"LA LEYENDA DE LA NI\u00d1A NI\u00d1A DE PIEDRA DEL PANTE\u00d3N HIDALGO."},"content":{"rendered":"\n<p class=\"wp-block-paragraph\"><\/p>\n\n\n\n<p class=\"wp-block-paragraph\">A la derecha de la capilla de Nuestra Se\u00f1ora del Refugio, en el\u00a0Pante\u00f3n Hidalgo de Tepic, se encuentra una gran piedra casi esf\u00e9rica, con una misteriosa inscripci\u00f3n que dice la palabra \u201cMadre\u201d.<\/p>\n\n\n\n<p class=\"wp-block-paragraph\">Seg\u00fan la historia, que ha trascendido de manera verbal a lo largo de los a\u00f1os, una ni\u00f1a que constantemente desobedec\u00eda a su madre se convirti\u00f3 en piedra, luego de que \u00e9sta le profiri\u00f3 una maldici\u00f3n al decirle que se convertir\u00eda en piedra.<\/p>\n\n\n\n<p class=\"wp-block-paragraph\">Luego, un d\u00eda paseando por el pante\u00f3n Hidalgo, la madre le prohibi\u00f3 a la hija correr hacia la capilla, orden que fue desobedecida por la peque\u00f1a, quien poco a poco mientras corr\u00eda, se convert\u00eda en mineral.<\/p>\n\n\n\n<p class=\"wp-block-paragraph\">Al costado derecho de la capilla de &#8220;Nuestra Se\u00f1ora del Refugio&#8221; se mantiene, sin una fecha establecida de origen, una piedra de casi un metro de di\u00e1metro, con dibujos circulares, que la hacen parecer un petrograbado u objeto funerario, al que los trabajadores del lugar le impusieron con letras met\u00e1licas, la palabra Madre, en alusi\u00f3n al mito&#8221;.<\/p>\n\n\n\n<p class=\"wp-block-paragraph\"><strong>SEGUNDA VERSI\u00d3N DE LA LEYENDA:<\/strong><\/p>\n\n\n\n<p class=\"wp-block-paragraph\">Hace muchos a\u00f1os, numerosas personas, hombres, mujeres, adultos, ni\u00f1os familias enteras, acostumbraban ir en peregrinaci\u00f3n, a pie de Tepic a Talpa, en Jalisco. con meses de anterioridad se hac\u00edan los preparativos y llegando el momento con gran devoci\u00f3n emprend\u00edan el largo y penoso viaje\u201d. En el caso que nos ocupa, iba una familia: el pap\u00e1, la mam\u00e1, tres hijos (dos mujeres y un hombre) y dos jovencitas m\u00e1s amigas de la familia.<\/p>\n\n\n\n<p class=\"wp-block-paragraph\">En los primeros d\u00edas del viaje todo era un alboroto, cada jornada, cada jornada se disfrutaba se comentaba por todos lados. pero conforme transcurri\u00f3 la primera semana de duro caminar, la mam\u00e1 se molestaba con facilidad por cualquier cosa, producto del cansancio acumulado y empez\u00f3 a renegar, a decir que para qu\u00e9 hab\u00eda ido a esa peregrinaci\u00f3n; que mejor se hubiera quedado en casa a descansar. las moscas le molestaban, los zancudos no la dejaban dormir y cada metro que caminaba lo sent\u00eda m\u00e1s pesado. Su malestar lleg\u00f3 a tanto que cuando faltaban tres o cuatro jornadas para llegar a Talpa, decidi\u00f3 no continuar el viaje para sorpresa de su familia. pero lo grave no fue que hubiera decidido no cumplir la promesa de visitar a la virgen de Talpa, sino que perdi\u00f3 el control y empez\u00f3 a blasfemar contra su familia y contra otros peregrinos, a quienes ofend\u00eda con sus palabras. Parec\u00eda que la mujer hab\u00eda perdido el juicio, lleg\u00f3 a tal grado su perdida de raz\u00f3n que empez\u00f3 a ofender a la propia virgen de Talpa. En Consecuencia, qued\u00f3 convertida en piedra\u2026 Al menos eso es lo que cuentan los gu\u00edas nocturnos en el pante\u00f3n hidalgo de Tepic\u2026<\/p>\n\n\n\n<p class=\"wp-block-paragraph\">La historia data de 1951 y dicen que sus familiares intentaron llevar la piedra al Santuario de Talpa para que con favores de sus creencias, se convirtiera de nuevo en humana, pero no la pudieron mover y la dejaron al lado de la capilla del pante\u00f3n Hidalgo en Tepic.<\/p>\n\n\n\n<p class=\"wp-block-paragraph\">Entre las tumbas m\u00e1s destacadas en este pante\u00f3n resaltan la del general Leopoldo Romano (1820-1897), quien fue segundo gobernador de Nayarit, y quien particip\u00f3 en la lucha contra la ocupaci\u00f3n francesa. Tambi\u00e9n se encuentra el mausoleo del padre del poeta Amado Nervo; la tumba de Gabriel Luna y Rodr\u00edguez, constructor de edificios emblem\u00e1ticos como la presidencia municipal de Tepic, el palacio de gobierno, y la catedral de Tepic.<\/p>\n\n\n\n<p class=\"wp-block-paragraph\">Adem\u00e1s descansan los restos de Albina Luna P\u00e9rez (1911-2000) mujer, que se dice, fue quien inspir\u00f3 la creaci\u00f3n del Son de la Negra; y el nieto de Agust\u00edn de Iturbide, emperador de M\u00e9xico, Agust\u00edn de Iturbide Green; entre otros de personajes locales.<\/p>\n\n\n\n<figure class=\"wp-block-image size-full\"><img loading=\"lazy\" decoding=\"async\" width=\"900\" height=\"500\" src=\"https:\/\/viralnayarit.com\/wp-content\/uploads\/2025\/08\/piedra-del-pateon-hidalgo.webp\" alt=\"\" class=\"wp-image-377\" srcset=\"https:\/\/viralnayarit.com\/wp-content\/uploads\/2025\/08\/piedra-del-pateon-hidalgo.webp 900w, https:\/\/viralnayarit.com\/wp-content\/uploads\/2025\/08\/piedra-del-pateon-hidalgo-300x167.webp 300w, https:\/\/viralnayarit.com\/wp-content\/uploads\/2025\/08\/piedra-del-pateon-hidalgo-768x427.webp 768w\" sizes=\"auto, (max-width: 900px) 100vw, 900px\" \/><\/figure>\n\n\n\n<figure class=\"wp-block-image size-full\"><img loading=\"lazy\" decoding=\"async\" width=\"259\" height=\"194\" src=\"https:\/\/viralnayarit.com\/wp-content\/uploads\/2025\/08\/descarga.jpeg\" alt=\"\" class=\"wp-image-378\"\/><\/figure>\n\n\n\n<figure class=\"wp-block-image size-full\"><img loading=\"lazy\" decoding=\"async\" width=\"669\" height=\"336\" src=\"https:\/\/viralnayarit.com\/wp-content\/uploads\/2025\/08\/51102221.jpg\" alt=\"\" class=\"wp-image-379\" srcset=\"https:\/\/viralnayarit.com\/wp-content\/uploads\/2025\/08\/51102221.jpg 669w, https:\/\/viralnayarit.com\/wp-content\/uploads\/2025\/08\/51102221-300x151.jpg 300w\" sizes=\"auto, (max-width: 669px) 100vw, 669px\" \/><\/figure>\n","protected":false},"excerpt":{"rendered":"<p>A la derecha de la capilla de Nuestra Se\u00f1ora del Refugio, en el\u00a0Pante\u00f3n Hidalgo de&#8230;<\/p>\n","protected":false},"author":1,"featured_media":377,"comment_status":"open","ping_status":"open","sticky":false,"template":"","format":"standard","meta":{"footnotes":""},"categories":[5,13],"tags":[10,9,6],"class_list":["post-376","post","type-post","status-publish","format-standard","has-post-thumbnail","hentry","category-local","category-nacional","tag-historia","tag-local","tag-viral"],"_links":{"self":[{"href":"https:\/\/viralnayarit.com\/index.php?rest_route=\/wp\/v2\/posts\/376","targetHints":{"allow":["GET"]}}],"collection":[{"href":"https:\/\/viralnayarit.com\/index.php?rest_route=\/wp\/v2\/posts"}],"about":[{"href":"https:\/\/viralnayarit.com\/index.php?rest_route=\/wp\/v2\/types\/post"}],"author":[{"embeddable":true,"href":"https:\/\/viralnayarit.com\/index.php?rest_route=\/wp\/v2\/users\/1"}],"replies":[{"embeddable":true,"href":"https:\/\/viralnayarit.com\/index.php?rest_route=%2Fwp%2Fv2%2Fcomments&post=376"}],"version-history":[{"count":1,"href":"https:\/\/viralnayarit.com\/index.php?rest_route=\/wp\/v2\/posts\/376\/revisions"}],"predecessor-version":[{"id":380,"href":"https:\/\/viralnayarit.com\/index.php?rest_route=\/wp\/v2\/posts\/376\/revisions\/380"}],"wp:featuredmedia":[{"embeddable":true,"href":"https:\/\/viralnayarit.com\/index.php?rest_route=\/wp\/v2\/media\/377"}],"wp:attachment":[{"href":"https:\/\/viralnayarit.com\/index.php?rest_route=%2Fwp%2Fv2%2Fmedia&parent=376"}],"wp:term":[{"taxonomy":"category","embeddable":true,"href":"https:\/\/viralnayarit.com\/index.php?rest_route=%2Fwp%2Fv2%2Fcategories&post=376"},{"taxonomy":"post_tag","embeddable":true,"href":"https:\/\/viralnayarit.com\/index.php?rest_route=%2Fwp%2Fv2%2Ftags&post=376"}],"curies":[{"name":"wp","href":"https:\/\/api.w.org\/{rel}","templated":true}]}}