{"id":321,"date":"2025-06-04T19:24:06","date_gmt":"2025-06-04T19:24:06","guid":{"rendered":"https:\/\/viralnayarit.com\/?p=321"},"modified":"2025-06-04T19:24:06","modified_gmt":"2025-06-04T19:24:06","slug":"la-abeja-en-la-masoneria-%c2%b7-g-%c2%b7","status":"publish","type":"post","link":"https:\/\/viralnayarit.com\/?p=321","title":{"rendered":"LA ABEJA EN LA MASONER\u00cdA .\u00b7.G.\u00b7."},"content":{"rendered":"\n<p class=\"wp-block-paragraph\"><\/p>\n\n\n\n<p class=\"wp-block-paragraph\"><\/p>\n\n\n\n<p class=\"wp-block-paragraph\">Compartimos un s\u00edmbolo mas\u00f3nico importante, pocas veces estudiado.<\/p>\n\n\n\n<p class=\"wp-block-paragraph\">Entre los s\u00edmbolos Mas\u00f3nicos tenemos a la colmena. La Logia Mas\u00f3nica se asemeja a una colmena de abejas en donde todos los miembros trabajan con pasi\u00f3n hacia el bien com\u00fan.<\/p>\n\n\n\n<p class=\"wp-block-paragraph\">La abeja es un noble insecto, un trabajador duro, organizado e incansable, el cual no trabaja para s\u00ed misma sino para el enjambre. La abeja protege a la reina, rechaza a los enemigos, construye y genera la miel, y vive en una sociedad ordenada. En ese sentido los hombres deben trabajar como las abejas, como una unidad para alcanzar grandes objetivos, por lo que cada uno debe hacer su parte, tomar con orgullo sus labores y trabajar de forma cooperativa y alcanzar los objetivos.<\/p>\n\n\n\n<p class=\"wp-block-paragraph\">Las almas son como las abejas que viajan por la vida recogiendo el polen de la sabidur\u00eda en los distintos acontecimientos y experiencias de la vida, extrayendo el n\u00e9ctar espiritual de cada acci\u00f3n, cada gozo, cada sufrimiento, y llevarlo a la gran colmena de la experiencia (el alma del hombre).<\/p>\n\n\n\n<p class=\"wp-block-paragraph\">La abeja es s\u00edmbolo de virtud, simboliza la obediencia, el trabajo en equipo, la uni\u00f3n y la constancia, virtudes del mas\u00f3n. Todo mas\u00f3n al igual que la abeja, siempre debe estar trabajando por su perfeccionamiento personal y, sobre todo, por el progreso de la Humanidad, por ello es laborioso, previsor, vigilante, disciplinado, activo, constante en el perfeccionamiento y el bienestar de la Logia y la sociedad.<\/p>\n\n\n\n<p class=\"wp-block-paragraph\">Un Mas\u00f3n es metaf\u00f3ricamente un obrero, un alba\u00f1il que construye una obra en una labor individual contenida en una labor colectiva, este sistema constructivo y fraternal de trabajar de los Masones, se simboliza con la Colmena integrada por un enjambre de abejas solidarias, laboriosas y organizadas en diferentes actividades y funciones.<\/p>\n\n\n\n<p class=\"wp-block-paragraph\">La colmena nos ense\u00f1a que, habiendo nacidos como seres racionales e inteligentes, tambi\u00e9n debemos ser trabajadores, y no permanecer ociosos ni mirar con indiferencia a nuestros semejantes.<\/p>\n\n\n\n<p class=\"wp-block-paragraph\">Una Logia Mas\u00f3nica se asemeja a una colmena de abejas en donde todos sus miembros trabajan hacia el bien com\u00fan. La Masoner\u00eda no es para almas indiferentes ni mentes estrechas, sino para aquellas que logran comprender la misi\u00f3n y el sublime apostolado.<\/p>\n\n\n\n<p class=\"wp-block-paragraph\">Finalmente un antiguo fil\u00f3sofo dijo alguna vez, que la abeja extrae la miel del polen de la flor, en tanto que la ara\u00f1a, de la misma fuente extrae el veneno. La gran pregunta entonces es: \u00bfsomos abejas o ara\u00f1as?<\/p>\n\n\n\n<p class=\"wp-block-paragraph\">Fraternalmente con mis mejores deseos de Paz Profunda <img loading=\"lazy\" decoding=\"async\" height=\"16\" width=\"16\" alt=\"\ud83c\udf39\" src=\"https:\/\/static.xx.fbcdn.net\/images\/emoji.php\/v9\/t10\/2\/16\/1f339.png\"><\/p>\n\n\n\n<p class=\"wp-block-paragraph\">Romario Daniel Velasco Angel.<\/p>\n\n\n\n<figure class=\"wp-block-image size-full\"><img loading=\"lazy\" decoding=\"async\" width=\"305\" height=\"395\" src=\"https:\/\/viralnayarit.com\/wp-content\/uploads\/2025\/06\/500336224_716563127546688_2506274376566589577_n.jpg\" alt=\"\" class=\"wp-image-322\" srcset=\"https:\/\/viralnayarit.com\/wp-content\/uploads\/2025\/06\/500336224_716563127546688_2506274376566589577_n.jpg 305w, https:\/\/viralnayarit.com\/wp-content\/uploads\/2025\/06\/500336224_716563127546688_2506274376566589577_n-232x300.jpg 232w\" sizes=\"auto, (max-width: 305px) 100vw, 305px\" \/><\/figure>\n","protected":false},"excerpt":{"rendered":"<p>Compartimos un s\u00edmbolo mas\u00f3nico importante, pocas veces estudiado. Entre los s\u00edmbolos Mas\u00f3nicos tenemos a la&#8230;<\/p>\n","protected":false},"author":1,"featured_media":322,"comment_status":"open","ping_status":"open","sticky":false,"template":"","format":"standard","meta":{"footnotes":""},"categories":[13],"tags":[10,6],"class_list":["post-321","post","type-post","status-publish","format-standard","has-post-thumbnail","hentry","category-nacional","tag-historia","tag-viral"],"_links":{"self":[{"href":"https:\/\/viralnayarit.com\/index.php?rest_route=\/wp\/v2\/posts\/321","targetHints":{"allow":["GET"]}}],"collection":[{"href":"https:\/\/viralnayarit.com\/index.php?rest_route=\/wp\/v2\/posts"}],"about":[{"href":"https:\/\/viralnayarit.com\/index.php?rest_route=\/wp\/v2\/types\/post"}],"author":[{"embeddable":true,"href":"https:\/\/viralnayarit.com\/index.php?rest_route=\/wp\/v2\/users\/1"}],"replies":[{"embeddable":true,"href":"https:\/\/viralnayarit.com\/index.php?rest_route=%2Fwp%2Fv2%2Fcomments&post=321"}],"version-history":[{"count":1,"href":"https:\/\/viralnayarit.com\/index.php?rest_route=\/wp\/v2\/posts\/321\/revisions"}],"predecessor-version":[{"id":323,"href":"https:\/\/viralnayarit.com\/index.php?rest_route=\/wp\/v2\/posts\/321\/revisions\/323"}],"wp:featuredmedia":[{"embeddable":true,"href":"https:\/\/viralnayarit.com\/index.php?rest_route=\/wp\/v2\/media\/322"}],"wp:attachment":[{"href":"https:\/\/viralnayarit.com\/index.php?rest_route=%2Fwp%2Fv2%2Fmedia&parent=321"}],"wp:term":[{"taxonomy":"category","embeddable":true,"href":"https:\/\/viralnayarit.com\/index.php?rest_route=%2Fwp%2Fv2%2Fcategories&post=321"},{"taxonomy":"post_tag","embeddable":true,"href":"https:\/\/viralnayarit.com\/index.php?rest_route=%2Fwp%2Fv2%2Ftags&post=321"}],"curies":[{"name":"wp","href":"https:\/\/api.w.org\/{rel}","templated":true}]}}