{"id":315,"date":"2025-06-04T19:13:09","date_gmt":"2025-06-04T19:13:09","guid":{"rendered":"https:\/\/viralnayarit.com\/?p=315"},"modified":"2025-06-04T19:13:10","modified_gmt":"2025-06-04T19:13:10","slug":"pareja-adopta-a-una-bebe-en-el-dif-se-volvieron-virales-por-sus-rostros-de-emocion","status":"publish","type":"post","link":"https:\/\/viralnayarit.com\/?p=315","title":{"rendered":"PAREJA ADOPTA A UNA BEB\u00c9 EN EL DIF, SE VOLVIERON VIRALES POR SUS ROSTROS DE EMOCI\u00d3N"},"content":{"rendered":"\n<p class=\"wp-block-paragraph\"><\/p>\n\n\n\n<p class=\"wp-block-paragraph\">Una pareja vivi\u00f3 un hermoso momento lleno de emoci\u00f3n al recibir a una preciosa beb\u00e9 en adopci\u00f3n en el DIF de Baja California.<\/p>\n\n\n\n<p class=\"wp-block-paragraph\">Sus rostros lo dicen todo: est\u00e1n llenos de felicidad y esperanza al comenzar esta nueva etapa como familia y la peque\u00f1a crecer\u00e1 en un hogar lleno de amor<\/p>\n\n\n\n<figure class=\"wp-block-image size-full\"><img loading=\"lazy\" decoding=\"async\" width=\"949\" height=\"960\" src=\"https:\/\/viralnayarit.com\/wp-content\/uploads\/2025\/06\/503078853_1169512288521136_3784074173954343643_n.jpg\" alt=\"\" class=\"wp-image-316\" srcset=\"https:\/\/viralnayarit.com\/wp-content\/uploads\/2025\/06\/503078853_1169512288521136_3784074173954343643_n.jpg 949w, https:\/\/viralnayarit.com\/wp-content\/uploads\/2025\/06\/503078853_1169512288521136_3784074173954343643_n-297x300.jpg 297w, https:\/\/viralnayarit.com\/wp-content\/uploads\/2025\/06\/503078853_1169512288521136_3784074173954343643_n-768x777.jpg 768w\" sizes=\"auto, (max-width: 949px) 100vw, 949px\" \/><\/figure>\n","protected":false},"excerpt":{"rendered":"<p>Una pareja vivi\u00f3 un hermoso momento lleno de emoci\u00f3n al recibir a una preciosa beb\u00e9&#8230;<\/p>\n","protected":false},"author":1,"featured_media":316,"comment_status":"open","ping_status":"open","sticky":false,"template":"","format":"standard","meta":{"footnotes":""},"categories":[13,12],"tags":[11,7,6],"class_list":["post-315","post","type-post","status-publish","format-standard","has-post-thumbnail","hentry","category-nacional","category-noticias","tag-nacional","tag-notiicias","tag-viral"],"_links":{"self":[{"href":"https:\/\/viralnayarit.com\/index.php?rest_route=\/wp\/v2\/posts\/315","targetHints":{"allow":["GET"]}}],"collection":[{"href":"https:\/\/viralnayarit.com\/index.php?rest_route=\/wp\/v2\/posts"}],"about":[{"href":"https:\/\/viralnayarit.com\/index.php?rest_route=\/wp\/v2\/types\/post"}],"author":[{"embeddable":true,"href":"https:\/\/viralnayarit.com\/index.php?rest_route=\/wp\/v2\/users\/1"}],"replies":[{"embeddable":true,"href":"https:\/\/viralnayarit.com\/index.php?rest_route=%2Fwp%2Fv2%2Fcomments&post=315"}],"version-history":[{"count":1,"href":"https:\/\/viralnayarit.com\/index.php?rest_route=\/wp\/v2\/posts\/315\/revisions"}],"predecessor-version":[{"id":317,"href":"https:\/\/viralnayarit.com\/index.php?rest_route=\/wp\/v2\/posts\/315\/revisions\/317"}],"wp:featuredmedia":[{"embeddable":true,"href":"https:\/\/viralnayarit.com\/index.php?rest_route=\/wp\/v2\/media\/316"}],"wp:attachment":[{"href":"https:\/\/viralnayarit.com\/index.php?rest_route=%2Fwp%2Fv2%2Fmedia&parent=315"}],"wp:term":[{"taxonomy":"category","embeddable":true,"href":"https:\/\/viralnayarit.com\/index.php?rest_route=%2Fwp%2Fv2%2Fcategories&post=315"},{"taxonomy":"post_tag","embeddable":true,"href":"https:\/\/viralnayarit.com\/index.php?rest_route=%2Fwp%2Fv2%2Ftags&post=315"}],"curies":[{"name":"wp","href":"https:\/\/api.w.org\/{rel}","templated":true}]}}