{"id":308,"date":"2025-05-27T17:27:35","date_gmt":"2025-05-27T17:27:35","guid":{"rendered":"https:\/\/viralnayarit.com\/?p=308"},"modified":"2025-05-27T17:27:36","modified_gmt":"2025-05-27T17:27:36","slug":"madre-afirma-verse-mas-joven-que-quinceanera","status":"publish","type":"post","link":"https:\/\/viralnayarit.com\/?p=308","title":{"rendered":"MADRE AFIRMA VERSE MAS JOVEN QUE QUINCEA\u00d1ERA"},"content":{"rendered":"\n<p class=\"wp-block-paragraph\"><\/p>\n\n\n\n<p class=\"wp-block-paragraph\"><a><\/a>Una madre se volvi\u00f3 viral por \u201cquitarle el show\u201d en la fiesta de XV a\u00f1os de su hija. Ambas salieron bailando, pero lo que llam\u00f3 la atenci\u00f3n fue el mensaje que la madre puso en el video:<\/p>\n\n\n\n<p class=\"wp-block-paragraph\">\u201cEn los 15 de mi hija, todos me dijeron que parec\u00edamos hermanas y que incluso mi hija se ve m\u00e1s vi3j4 que yo\u201d coment\u00f3<\/p>\n\n\n\n<p class=\"wp-block-paragraph\">El video ya va sumando m\u00e1s de 10 millones de vistas<\/p>\n\n\n\n<figure class=\"wp-block-image size-full\"><img loading=\"lazy\" decoding=\"async\" width=\"734\" height=\"735\" src=\"https:\/\/viralnayarit.com\/wp-content\/uploads\/2025\/05\/500473895_1161815065957525_6830500627609612043_n.jpg\" alt=\"\" class=\"wp-image-309\" srcset=\"https:\/\/viralnayarit.com\/wp-content\/uploads\/2025\/05\/500473895_1161815065957525_6830500627609612043_n.jpg 734w, https:\/\/viralnayarit.com\/wp-content\/uploads\/2025\/05\/500473895_1161815065957525_6830500627609612043_n-300x300.jpg 300w, https:\/\/viralnayarit.com\/wp-content\/uploads\/2025\/05\/500473895_1161815065957525_6830500627609612043_n-150x150.jpg 150w\" sizes=\"auto, (max-width: 734px) 100vw, 734px\" \/><\/figure>\n","protected":false},"excerpt":{"rendered":"<p>Una madre se volvi\u00f3 viral por \u201cquitarle el show\u201d en la fiesta de XV a\u00f1os&#8230;<\/p>\n","protected":false},"author":1,"featured_media":309,"comment_status":"open","ping_status":"open","sticky":false,"template":"","format":"standard","meta":{"footnotes":""},"categories":[5,13],"tags":[7,6],"class_list":["post-308","post","type-post","status-publish","format-standard","has-post-thumbnail","hentry","category-local","category-nacional","tag-notiicias","tag-viral"],"_links":{"self":[{"href":"https:\/\/viralnayarit.com\/index.php?rest_route=\/wp\/v2\/posts\/308","targetHints":{"allow":["GET"]}}],"collection":[{"href":"https:\/\/viralnayarit.com\/index.php?rest_route=\/wp\/v2\/posts"}],"about":[{"href":"https:\/\/viralnayarit.com\/index.php?rest_route=\/wp\/v2\/types\/post"}],"author":[{"embeddable":true,"href":"https:\/\/viralnayarit.com\/index.php?rest_route=\/wp\/v2\/users\/1"}],"replies":[{"embeddable":true,"href":"https:\/\/viralnayarit.com\/index.php?rest_route=%2Fwp%2Fv2%2Fcomments&post=308"}],"version-history":[{"count":1,"href":"https:\/\/viralnayarit.com\/index.php?rest_route=\/wp\/v2\/posts\/308\/revisions"}],"predecessor-version":[{"id":310,"href":"https:\/\/viralnayarit.com\/index.php?rest_route=\/wp\/v2\/posts\/308\/revisions\/310"}],"wp:featuredmedia":[{"embeddable":true,"href":"https:\/\/viralnayarit.com\/index.php?rest_route=\/wp\/v2\/media\/309"}],"wp:attachment":[{"href":"https:\/\/viralnayarit.com\/index.php?rest_route=%2Fwp%2Fv2%2Fmedia&parent=308"}],"wp:term":[{"taxonomy":"category","embeddable":true,"href":"https:\/\/viralnayarit.com\/index.php?rest_route=%2Fwp%2Fv2%2Fcategories&post=308"},{"taxonomy":"post_tag","embeddable":true,"href":"https:\/\/viralnayarit.com\/index.php?rest_route=%2Fwp%2Fv2%2Ftags&post=308"}],"curies":[{"name":"wp","href":"https:\/\/api.w.org\/{rel}","templated":true}]}}