{"id":270,"date":"2025-03-28T14:41:00","date_gmt":"2025-03-28T14:41:00","guid":{"rendered":"https:\/\/viralnayarit.com\/?p=270"},"modified":"2025-04-08T17:43:18","modified_gmt":"2025-04-08T17:43:18","slug":"esta-por-comenzar-el-historico-primer-priceso-electoral-judicial-en-mexico","status":"publish","type":"post","link":"https:\/\/viralnayarit.com\/?p=270","title":{"rendered":"EST\u00c1 POR COMENZAR EL HIST\u00d3RICO PRIMER PRICESO ELECTORAL JUDICIAL EN M\u00c9XICO"},"content":{"rendered":"\n<p class=\"wp-block-paragraph\"><\/p>\n\n\n\n<p class=\"wp-block-paragraph\">Conoce los cargos que se votar\u00e1n en Nayarit<\/p>\n\n\n\n<p class=\"wp-block-paragraph\">Romario Velasco\/Viral Nayarit<\/p>\n\n\n\n<p class=\"wp-block-paragraph\">El Proceso Electoral Judicial es el primero que se celebra en Me\u0301xico, en el que se elegira\u0301n los cargos de ministras y ministros de la Suprema Corte de Justicia de la Nacio\u0301n (SCJN), las magistraturas de las salas Superior y Regionales del Tribunal Electoral del Poder Judicial de la Federacio\u0301n (TEPJF), las personas integrantes del Tribunal de Disciplina Judicial, asi\u0301 como las personas juzgadoras de distrito.<\/p>\n\n\n\n<p class=\"wp-block-paragraph\">En conferencia de prensa Construyendo Justicia nos dio los pormenores de esta historia elecci\u00f3n.<\/p>\n\n\n\n<p class=\"wp-block-paragraph\">Estos ser\u00e1n los cargos que vas a poder votar:<br>Ministros y Ministras de la Suprema Corte de Justicia de la Naci\u00f3n (SCJN) 9 Cargos<\/p>\n\n\n\n<p class=\"wp-block-paragraph\">Magistraturas de las Salas Superiores del Tribunal Electoral del Poder Judicial de la Federaci\u00f3n (TEPJF) 2 Cargos<\/p>\n\n\n\n<p class=\"wp-block-paragraph\">Magistraturas de las Salas Regionales del Tribunal Electoral del Poder Judicial de la Federaci\u00f3n (TEPJF)<br>15 cargos<\/p>\n\n\n\n<p class=\"wp-block-paragraph\">Magistraturas de Circuito<br>464 cargos<\/p>\n\n\n\n<p class=\"wp-block-paragraph\">Personas Juzgadoras de Distrito 386<\/p>\n\n\n\n<p class=\"wp-block-paragraph\">Las 32 entidades federativas se dividen en 5 circunscripciones<br>Nayarit pertenece a la Primera Circunscripci\u00f3n, que integra a Baja California, Baja California Sur, Chihuahua, Durango, Jalisco, Nayarit, Sinaloa y Sonora.<\/p>\n\n\n\n<p class=\"wp-block-paragraph\">Para el Circuito XXIV Nayarit, se considera todo el Circuito Judicial para elegir 7 Magistrados, distribuidos en los diferentes cargos por competencia.<\/p>\n\n\n\n<p class=\"wp-block-paragraph\">Para el Circuito XXIV Nayarit, se considera todo el Circuito Judicial para elegir 6 Jueces, distribuidos en los diferentes cargos por competencia.<\/p>\n\n\n\n<p class=\"wp-block-paragraph\">Conoce todos los detalles en https:\/\/construyendojusticia.mx\/Home\/Circunscripcion<\/p>\n\n\n\n<figure class=\"wp-block-image size-full\"><img loading=\"lazy\" decoding=\"async\" width=\"800\" height=\"999\" src=\"https:\/\/viralnayarit.com\/wp-content\/uploads\/2025\/04\/PROCESO_JUDICIAL_VN.jpg\" alt=\"\" class=\"wp-image-271\" srcset=\"https:\/\/viralnayarit.com\/wp-content\/uploads\/2025\/04\/PROCESO_JUDICIAL_VN.jpg 800w, https:\/\/viralnayarit.com\/wp-content\/uploads\/2025\/04\/PROCESO_JUDICIAL_VN-240x300.jpg 240w, https:\/\/viralnayarit.com\/wp-content\/uploads\/2025\/04\/PROCESO_JUDICIAL_VN-768x959.jpg 768w\" sizes=\"auto, (max-width: 800px) 100vw, 800px\" \/><\/figure>\n","protected":false},"excerpt":{"rendered":"<p>Conoce los cargos que se votar\u00e1n en Nayarit Romario Velasco\/Viral Nayarit El Proceso Electoral Judicial&#8230;<\/p>\n","protected":false},"author":1,"featured_media":271,"comment_status":"open","ping_status":"open","sticky":false,"template":"","format":"standard","meta":{"footnotes":""},"categories":[5,13,12],"tags":[11,7,6],"class_list":["post-270","post","type-post","status-publish","format-standard","has-post-thumbnail","hentry","category-local","category-nacional","category-noticias","tag-nacional","tag-notiicias","tag-viral"],"_links":{"self":[{"href":"https:\/\/viralnayarit.com\/index.php?rest_route=\/wp\/v2\/posts\/270","targetHints":{"allow":["GET"]}}],"collection":[{"href":"https:\/\/viralnayarit.com\/index.php?rest_route=\/wp\/v2\/posts"}],"about":[{"href":"https:\/\/viralnayarit.com\/index.php?rest_route=\/wp\/v2\/types\/post"}],"author":[{"embeddable":true,"href":"https:\/\/viralnayarit.com\/index.php?rest_route=\/wp\/v2\/users\/1"}],"replies":[{"embeddable":true,"href":"https:\/\/viralnayarit.com\/index.php?rest_route=%2Fwp%2Fv2%2Fcomments&post=270"}],"version-history":[{"count":1,"href":"https:\/\/viralnayarit.com\/index.php?rest_route=\/wp\/v2\/posts\/270\/revisions"}],"predecessor-version":[{"id":272,"href":"https:\/\/viralnayarit.com\/index.php?rest_route=\/wp\/v2\/posts\/270\/revisions\/272"}],"wp:featuredmedia":[{"embeddable":true,"href":"https:\/\/viralnayarit.com\/index.php?rest_route=\/wp\/v2\/media\/271"}],"wp:attachment":[{"href":"https:\/\/viralnayarit.com\/index.php?rest_route=%2Fwp%2Fv2%2Fmedia&parent=270"}],"wp:term":[{"taxonomy":"category","embeddable":true,"href":"https:\/\/viralnayarit.com\/index.php?rest_route=%2Fwp%2Fv2%2Fcategories&post=270"},{"taxonomy":"post_tag","embeddable":true,"href":"https:\/\/viralnayarit.com\/index.php?rest_route=%2Fwp%2Fv2%2Ftags&post=270"}],"curies":[{"name":"wp","href":"https:\/\/api.w.org\/{rel}","templated":true}]}}