{"id":233,"date":"2024-12-10T19:05:21","date_gmt":"2024-12-10T19:05:21","guid":{"rendered":"https:\/\/viralnayarit.com\/?p=233"},"modified":"2024-12-10T19:07:37","modified_gmt":"2024-12-10T19:07:37","slug":"pago-sus-estudios-trabajando-como-mesero-y-lo-despiden-gran-mensajela-empresa-maristacos-publico-este-emotivo-mensaje","status":"publish","type":"post","link":"https:\/\/viralnayarit.com\/?p=233","title":{"rendered":"PAG\u00d3 SUS ESTUDIOS TRABAJANDO COMO MESERO Y LO DESPIDEN GRAN MENSAJE. La empresa Maristacos, public\u00f3 este emotivo mensaje:"},"content":{"rendered":"\n<p class=\"wp-block-paragraph\">&#8220;Con un poco de tristeza \ud83d\ude22 el d\u00eda de hoy nos despedimos de una persona que con lealtad estuvo durante 5 largos a\u00f1os en el equipo de Maristacos, mostrando gran dedicaci\u00f3n, apego y felicidad. Nuestro capi de meseros el gran Goyito, quien el cliente lo reconoce. Al mismo tiempo nos brinda gran alegr\u00eda anunciar que culmina su carrera\ud83c\udf93 como ingeniero \ud83d\udc77\u200d\u2642\ufe0f y comienza nuevos proyectos. Que tus nuevas metas como ingeniero sean las m\u00e1s exitosas durante el resto de tu vida. No es un adi\u00f3s es un hasta pronto!! Que sigas creciendo como profesional y como persona! Muchas gracias por tus servicios\u2026 Hasta pronto Goyito \u2026. Continuar\u00e1\u2026.. \u2764\ufe0f&#8221;<\/p>\n\n\n\n<figure class=\"wp-block-image size-large\"><img loading=\"lazy\" decoding=\"async\" width=\"846\" height=\"1024\" src=\"https:\/\/viralnayarit.com\/wp-content\/uploads\/2024\/12\/468734274_1026915159447517_498786215143820789_n-846x1024.jpg\" alt=\"\" class=\"wp-image-234\" srcset=\"https:\/\/viralnayarit.com\/wp-content\/uploads\/2024\/12\/468734274_1026915159447517_498786215143820789_n-846x1024.jpg 846w, https:\/\/viralnayarit.com\/wp-content\/uploads\/2024\/12\/468734274_1026915159447517_498786215143820789_n-248x300.jpg 248w, https:\/\/viralnayarit.com\/wp-content\/uploads\/2024\/12\/468734274_1026915159447517_498786215143820789_n-768x929.jpg 768w, https:\/\/viralnayarit.com\/wp-content\/uploads\/2024\/12\/468734274_1026915159447517_498786215143820789_n-1024x1239.jpg 1024w, https:\/\/viralnayarit.com\/wp-content\/uploads\/2024\/12\/468734274_1026915159447517_498786215143820789_n.jpg 1080w\" sizes=\"auto, (max-width: 846px) 100vw, 846px\" \/><\/figure>\n","protected":false},"excerpt":{"rendered":"<p>&#8220;Con un poco de tristeza \ud83d\ude22 el d\u00eda de hoy nos despedimos de una persona&#8230;<\/p>\n","protected":false},"author":1,"featured_media":234,"comment_status":"open","ping_status":"open","sticky":false,"template":"","format":"standard","meta":{"footnotes":""},"categories":[5,13,12],"tags":[11,7,6],"class_list":["post-233","post","type-post","status-publish","format-standard","has-post-thumbnail","hentry","category-local","category-nacional","category-noticias","tag-nacional","tag-notiicias","tag-viral"],"_links":{"self":[{"href":"https:\/\/viralnayarit.com\/index.php?rest_route=\/wp\/v2\/posts\/233","targetHints":{"allow":["GET"]}}],"collection":[{"href":"https:\/\/viralnayarit.com\/index.php?rest_route=\/wp\/v2\/posts"}],"about":[{"href":"https:\/\/viralnayarit.com\/index.php?rest_route=\/wp\/v2\/types\/post"}],"author":[{"embeddable":true,"href":"https:\/\/viralnayarit.com\/index.php?rest_route=\/wp\/v2\/users\/1"}],"replies":[{"embeddable":true,"href":"https:\/\/viralnayarit.com\/index.php?rest_route=%2Fwp%2Fv2%2Fcomments&post=233"}],"version-history":[{"count":2,"href":"https:\/\/viralnayarit.com\/index.php?rest_route=\/wp\/v2\/posts\/233\/revisions"}],"predecessor-version":[{"id":236,"href":"https:\/\/viralnayarit.com\/index.php?rest_route=\/wp\/v2\/posts\/233\/revisions\/236"}],"wp:featuredmedia":[{"embeddable":true,"href":"https:\/\/viralnayarit.com\/index.php?rest_route=\/wp\/v2\/media\/234"}],"wp:attachment":[{"href":"https:\/\/viralnayarit.com\/index.php?rest_route=%2Fwp%2Fv2%2Fmedia&parent=233"}],"wp:term":[{"taxonomy":"category","embeddable":true,"href":"https:\/\/viralnayarit.com\/index.php?rest_route=%2Fwp%2Fv2%2Fcategories&post=233"},{"taxonomy":"post_tag","embeddable":true,"href":"https:\/\/viralnayarit.com\/index.php?rest_route=%2Fwp%2Fv2%2Ftags&post=233"}],"curies":[{"name":"wp","href":"https:\/\/api.w.org\/{rel}","templated":true}]}}