{"id":124,"date":"2024-09-18T20:00:00","date_gmt":"2024-09-18T20:00:00","guid":{"rendered":"https:\/\/viralnayarit.com\/?p=124"},"modified":"2024-10-02T18:00:42","modified_gmt":"2024-10-02T18:00:42","slug":"conmemora-congreso-el-dia-nacional-de-la-mujer-con-discapacidad","status":"publish","type":"post","link":"https:\/\/viralnayarit.com\/?p=124","title":{"rendered":"Conmemora Congreso el D\u00eda Nacional de la Mujer con Discapacidad"},"content":{"rendered":"\n<p class=\"wp-block-paragraph\">Conmemora Congreso el D\u00eda Nacional de la Mujer con Discapacidad<\/p>\n\n\n\n<p class=\"wp-block-paragraph\">\u201cEjerciendo desde el poder el reconocimiento de la justicia social, del humanismo y de la inclusi\u00f3n\u201d; diputado Salvador Casta\u00f1eda Rangel<\/p>\n\n\n\n<p class=\"wp-block-paragraph\">\u2022\u201cVamos a alzar la voz para que se respeten nuestros derechos, para que haya iniciativas que realmente logren la inclusi\u00f3n efectiva\u201d: diputada Jessica Abilene Torres Fregoso<\/p>\n\n\n\n<p class=\"wp-block-paragraph\">Tepic, 18 de septiembre de 2024.- Con el inter\u00e9s de visibilizar y reconocer la lucha de mujeres con discapacidad, el Congreso del Estado a trav\u00e9s de la Comisi\u00f3n de Gestor\u00eda Social y Grupos Vulnerables, conmemor\u00f3 el D\u00eda Nacional de la Mujer con Discapacidad, celebrado el d\u00eda 12 de septiembre.<\/p>\n\n\n\n<p class=\"wp-block-paragraph\">En esta conmemoraci\u00f3n, el presidente del Poder Legislativo, diputado Salvador Casta\u00f1eda Rangel, anticip\u00f3 \u201cesta casa del Poder Legislativo, que es la casa del pueblo ser\u00e1 siempre la casa de ustedes tambi\u00e9n, a todos nos duele con discapacidad o sin ella, todos deseamos que a nuestras familias nos vaya bien con o sin discapacidad, todos deseamos tener una sociedad arm\u00f3nica si todos deseamos estos principios, todos debemos de participar para que a cada uno se le vaya brindando el espacio que en la sociedad merece y las oportunidades a las que todos tenemos derecho de aspirar sin regal\u00edas, sino a trav\u00e9s de la lucha, pero tambi\u00e9n ejerciendo desde el poder el reconocimiento de la justicia social, del humanismo y de la inclusi\u00f3n en una sociedad con estos principios estaremos reconociendo entonces esta diversidad\u201d.<\/p>\n\n\n\n<p class=\"wp-block-paragraph\">La presidenta de la Comisi\u00f3n de Gestor\u00eda Social y Grupos Vulnerable, diputada Jessica Abilene Torres Fregoso, expres\u00f3 \u201cvamos a alzar la voz para que se respeten nuestros derechos, para que haya iniciativas que realmente logren la inclusi\u00f3n efectiva de las personas con discapacidad, visibilizar sobre todo lo que falta por hacer, todo lo que necesitamos para poder gozar del pleno ejercicio de nuestros derechos, pero tambi\u00e9n para reconocer y para abrazar la lucha que hemos llevado a cabo todas las mujeres durante muchos a\u00f1os\u201d, afirm\u00f3 Torres Fregoso.<\/p>\n\n\n\n<p class=\"wp-block-paragraph\">En el marco de esta conmemoraci\u00f3n, se impartieron las ponencias sobre Accesibilidad digital con personas con o sin discapacidad, Mujeres con discapacidad en la Movilidad y Derechos reproductivos de las mujeres con discapacidad, a cargo de Guadalupe V\u00e1zquez C\u00e1rdenas, Joshua Shannen Uribe Ram\u00edrez e Imelda V\u00e1zquez Soto, respectivamente.<\/p>\n\n\n\n<p class=\"wp-block-paragraph\">Cada una de las ponentes coincidieron en que es necesario mejorar la vida de las ni\u00f1as y mujeres con discapacidad, respetar sus derechos y brindarles m\u00e1s oportunidades en el desarrollo econ\u00f3mico, pol\u00edtico y social.<\/p>\n\n\n\n<p class=\"wp-block-paragraph\">En este importante evento, se cont\u00f3 con la presencia del secretario ejecutivo del Consejo Estatal de Inclusi\u00f3n de Personas con Discapacidad, Salvador Omar Cordero Hern\u00e1ndez, as\u00ed como con la digna representaci\u00f3n de la Secretar\u00eda de Salud, Secretar\u00eda de Educaci\u00f3n y Secretar\u00eda de Movilidad, l\u00edderes de asociaciones civiles, diputadas y diputados integrantes de la Trig\u00e9sima Cuarta Legislatura.<\/p>\n\n\n\n<figure class=\"wp-block-image size-large\"><img loading=\"lazy\" decoding=\"async\" width=\"1024\" height=\"682\" src=\"https:\/\/viralnayarit.com\/wp-content\/uploads\/2024\/10\/460588309_970035535135480_5904637913584933878_n-1024x682.jpg\" alt=\"\" class=\"wp-image-125\" srcset=\"https:\/\/viralnayarit.com\/wp-content\/uploads\/2024\/10\/460588309_970035535135480_5904637913584933878_n-1024x682.jpg 1024w, https:\/\/viralnayarit.com\/wp-content\/uploads\/2024\/10\/460588309_970035535135480_5904637913584933878_n-300x200.jpg 300w, https:\/\/viralnayarit.com\/wp-content\/uploads\/2024\/10\/460588309_970035535135480_5904637913584933878_n-768x512.jpg 768w, https:\/\/viralnayarit.com\/wp-content\/uploads\/2024\/10\/460588309_970035535135480_5904637913584933878_n.jpg 1280w\" sizes=\"auto, (max-width: 1024px) 100vw, 1024px\" \/><\/figure>\n","protected":false},"excerpt":{"rendered":"<p>Conmemora Congreso el D\u00eda Nacional de la Mujer con Discapacidad \u201cEjerciendo desde el poder el&#8230;<\/p>\n","protected":false},"author":1,"featured_media":125,"comment_status":"open","ping_status":"open","sticky":false,"template":"","format":"standard","meta":{"footnotes":""},"categories":[1],"tags":[],"class_list":["post-124","post","type-post","status-publish","format-standard","has-post-thumbnail","hentry","category-uncategorized"],"_links":{"self":[{"href":"https:\/\/viralnayarit.com\/index.php?rest_route=\/wp\/v2\/posts\/124","targetHints":{"allow":["GET"]}}],"collection":[{"href":"https:\/\/viralnayarit.com\/index.php?rest_route=\/wp\/v2\/posts"}],"about":[{"href":"https:\/\/viralnayarit.com\/index.php?rest_route=\/wp\/v2\/types\/post"}],"author":[{"embeddable":true,"href":"https:\/\/viralnayarit.com\/index.php?rest_route=\/wp\/v2\/users\/1"}],"replies":[{"embeddable":true,"href":"https:\/\/viralnayarit.com\/index.php?rest_route=%2Fwp%2Fv2%2Fcomments&post=124"}],"version-history":[{"count":1,"href":"https:\/\/viralnayarit.com\/index.php?rest_route=\/wp\/v2\/posts\/124\/revisions"}],"predecessor-version":[{"id":126,"href":"https:\/\/viralnayarit.com\/index.php?rest_route=\/wp\/v2\/posts\/124\/revisions\/126"}],"wp:featuredmedia":[{"embeddable":true,"href":"https:\/\/viralnayarit.com\/index.php?rest_route=\/wp\/v2\/media\/125"}],"wp:attachment":[{"href":"https:\/\/viralnayarit.com\/index.php?rest_route=%2Fwp%2Fv2%2Fmedia&parent=124"}],"wp:term":[{"taxonomy":"category","embeddable":true,"href":"https:\/\/viralnayarit.com\/index.php?rest_route=%2Fwp%2Fv2%2Fcategories&post=124"},{"taxonomy":"post_tag","embeddable":true,"href":"https:\/\/viralnayarit.com\/index.php?rest_route=%2Fwp%2Fv2%2Ftags&post=124"}],"curies":[{"name":"wp","href":"https:\/\/api.w.org\/{rel}","templated":true}]}}