{"id":1126,"date":"2026-06-30T19:09:00","date_gmt":"2026-06-30T19:09:00","guid":{"rendered":"https:\/\/viralnayarit.com\/?p=1126"},"modified":"2026-07-03T18:52:10","modified_gmt":"2026-07-03T18:52:10","slug":"israel-santillan-rindio-protesta-en-comisiones-unidas-del-ayuntamiento-de-bahia-de-banderas","status":"publish","type":"post","link":"https:\/\/viralnayarit.com\/?p=1126","title":{"rendered":"Israel Santill\u00e1n rindi\u00f3 protesta en Comisiones Unidas del Ayuntamiento de Bah\u00eda de Banderas"},"content":{"rendered":"\n<p class=\"wp-block-paragraph\">En el marco de la Sesi\u00f3n Ordinaria de las Comisiones Unidas de Asuntos Constitucionales y Reglamentos, y de Protecci\u00f3n a la Fauna, Bienestar Animal y Ecolog\u00eda del H. XII Ayuntamiento de Bah\u00eda de Banderas, el presidente municipal interino, Lic. Jos\u00e9 Israel Santill\u00e1n Casta\u00f1eda, rindi\u00f3 protesta como Secretario de la Comisi\u00f3n de Asuntos Constitucionales y Reglamentos y como Vocal de la Comisi\u00f3n de Protecci\u00f3n a la Fauna, Bienestar Animal y Ecolog\u00eda.<\/p>\n\n\n\n<p class=\"wp-block-paragraph\">La incorporaci\u00f3n del alcalde a estos \u00f3rganos colegiados deriva del acuerdo aprobado por el H. XII Ayuntamiento con motivo de la sustituci\u00f3n temporal correspondiente durante el periodo de licencia autorizado, fortaleciendo as\u00ed la integraci\u00f3n y funcionamiento de las comisiones encargadas del an\u00e1lisis y dictaminaci\u00f3n de asuntos de relevancia para el municipio.<\/p>\n\n\n\n<p class=\"wp-block-paragraph\">Durante la sesi\u00f3n, los integrantes de las Comisiones Unidas llevaron a cabo la protesta de ley, con la que el presidente municipal asumi\u00f3 el compromiso de desempe\u00f1ar los cargos conferidos con apego a la Constituci\u00f3n Pol\u00edtica de los Estados Unidos Mexicanos, la Constituci\u00f3n Pol\u00edtica del Estado de Nayarit, la Ley Municipal para el Estado de Nayarit y la normatividad municipal vigente.<\/p>\n\n\n\n<p class=\"wp-block-paragraph\">Como parte del orden del d\u00eda, las comisiones tambi\u00e9n aprobaron el dictamen en sentido favorable relativo a la iniciativa de reforma de la fracci\u00f3n IV del art\u00edculo 18 del Reglamento de Tenencia Responsable y Protecci\u00f3n de Animales Dom\u00e9sticos y de Compa\u00f1\u00eda del Municipio de Bah\u00eda de Banderas, mismo que ser\u00e1 remitido, por conducto de la Secretar\u00eda del Ayuntamiento, para su presentaci\u00f3n y an\u00e1lisis en la sesi\u00f3n de Cabildo correspondiente.<\/p>\n\n\n\n<figure class=\"wp-block-image size-large\"><img loading=\"lazy\" decoding=\"async\" width=\"1024\" height=\"602\" src=\"https:\/\/viralnayarit.com\/wp-content\/uploads\/2026\/07\/WhatsApp-Image-2026-07-02-at-11.53.24-AM-1-1024x602.jpeg\" alt=\"\" class=\"wp-image-1127\" srcset=\"https:\/\/viralnayarit.com\/wp-content\/uploads\/2026\/07\/WhatsApp-Image-2026-07-02-at-11.53.24-AM-1-1024x602.jpeg 1024w, https:\/\/viralnayarit.com\/wp-content\/uploads\/2026\/07\/WhatsApp-Image-2026-07-02-at-11.53.24-AM-1-300x176.jpeg 300w, https:\/\/viralnayarit.com\/wp-content\/uploads\/2026\/07\/WhatsApp-Image-2026-07-02-at-11.53.24-AM-1-768x451.jpeg 768w, https:\/\/viralnayarit.com\/wp-content\/uploads\/2026\/07\/WhatsApp-Image-2026-07-02-at-11.53.24-AM-1-1536x902.jpeg 1536w, https:\/\/viralnayarit.com\/wp-content\/uploads\/2026\/07\/WhatsApp-Image-2026-07-02-at-11.53.24-AM-1.jpeg 2048w\" sizes=\"auto, (max-width: 1024px) 100vw, 1024px\" \/><\/figure>\n\n\n\n<figure class=\"wp-block-image size-large\"><img loading=\"lazy\" decoding=\"async\" width=\"1024\" height=\"701\" src=\"https:\/\/viralnayarit.com\/wp-content\/uploads\/2026\/07\/WhatsApp-Image-2026-07-02-at-11.53.24-AM-1024x701.jpeg\" alt=\"\" class=\"wp-image-1128\" srcset=\"https:\/\/viralnayarit.com\/wp-content\/uploads\/2026\/07\/WhatsApp-Image-2026-07-02-at-11.53.24-AM-1024x701.jpeg 1024w, https:\/\/viralnayarit.com\/wp-content\/uploads\/2026\/07\/WhatsApp-Image-2026-07-02-at-11.53.24-AM-300x205.jpeg 300w, https:\/\/viralnayarit.com\/wp-content\/uploads\/2026\/07\/WhatsApp-Image-2026-07-02-at-11.53.24-AM-768x525.jpeg 768w, https:\/\/viralnayarit.com\/wp-content\/uploads\/2026\/07\/WhatsApp-Image-2026-07-02-at-11.53.24-AM-1536x1051.jpeg 1536w, https:\/\/viralnayarit.com\/wp-content\/uploads\/2026\/07\/WhatsApp-Image-2026-07-02-at-11.53.24-AM.jpeg 2048w\" sizes=\"auto, (max-width: 1024px) 100vw, 1024px\" \/><\/figure>\n\n\n\n<p class=\"wp-block-paragraph\"><\/p>\n","protected":false},"excerpt":{"rendered":"<p>En el marco de la Sesi\u00f3n Ordinaria de las Comisiones Unidas de Asuntos Constitucionales y&#8230;<\/p>\n","protected":false},"author":1,"featured_media":1127,"comment_status":"open","ping_status":"open","sticky":false,"template":"","format":"standard","meta":{"footnotes":""},"categories":[5,13,12],"tags":[9,11,7,14,6],"class_list":["post-1126","post","type-post","status-publish","format-standard","has-post-thumbnail","hentry","category-local","category-nacional","category-noticias","tag-local","tag-nacional","tag-notiicias","tag-politica","tag-viral"],"_links":{"self":[{"href":"https:\/\/viralnayarit.com\/index.php?rest_route=\/wp\/v2\/posts\/1126","targetHints":{"allow":["GET"]}}],"collection":[{"href":"https:\/\/viralnayarit.com\/index.php?rest_route=\/wp\/v2\/posts"}],"about":[{"href":"https:\/\/viralnayarit.com\/index.php?rest_route=\/wp\/v2\/types\/post"}],"author":[{"embeddable":true,"href":"https:\/\/viralnayarit.com\/index.php?rest_route=\/wp\/v2\/users\/1"}],"replies":[{"embeddable":true,"href":"https:\/\/viralnayarit.com\/index.php?rest_route=%2Fwp%2Fv2%2Fcomments&post=1126"}],"version-history":[{"count":1,"href":"https:\/\/viralnayarit.com\/index.php?rest_route=\/wp\/v2\/posts\/1126\/revisions"}],"predecessor-version":[{"id":1129,"href":"https:\/\/viralnayarit.com\/index.php?rest_route=\/wp\/v2\/posts\/1126\/revisions\/1129"}],"wp:featuredmedia":[{"embeddable":true,"href":"https:\/\/viralnayarit.com\/index.php?rest_route=\/wp\/v2\/media\/1127"}],"wp:attachment":[{"href":"https:\/\/viralnayarit.com\/index.php?rest_route=%2Fwp%2Fv2%2Fmedia&parent=1126"}],"wp:term":[{"taxonomy":"category","embeddable":true,"href":"https:\/\/viralnayarit.com\/index.php?rest_route=%2Fwp%2Fv2%2Fcategories&post=1126"},{"taxonomy":"post_tag","embeddable":true,"href":"https:\/\/viralnayarit.com\/index.php?rest_route=%2Fwp%2Fv2%2Ftags&post=1126"}],"curies":[{"name":"wp","href":"https:\/\/api.w.org\/{rel}","templated":true}]}}