{"id":1042,"date":"2026-05-19T13:18:00","date_gmt":"2026-05-19T13:18:00","guid":{"rendered":"https:\/\/viralnayarit.com\/?p=1042"},"modified":"2026-05-27T18:21:31","modified_gmt":"2026-05-27T18:21:31","slug":"la-tarde-de-pelis-llegara-a-la-colonia-la-aurora-de-san-jose-del-valle","status":"publish","type":"post","link":"https:\/\/viralnayarit.com\/?p=1042","title":{"rendered":"La \u201cTarde de Pelis\u201d llegar\u00e1 a la colonia La Aurora de San Jos\u00e9 del Valle"},"content":{"rendered":"\n<p class=\"wp-block-paragraph\">El Gobierno Municipal de Bah\u00eda de Banderas, a trav\u00e9s de la Direcci\u00f3n de Desarrollo y Bienestar Social, invita a la ciudadan\u00eda a disfrutar de una \u201cTarde de Pelis\u201d en la colonia La Aurora, en San Jos\u00e9 del Valle.<\/p>\n\n\n\n<p class=\"wp-block-paragraph\">Esta actividad se llevar\u00e1 a cabo el d\u00eda de hoy martes 19 de mayo en punto de las 7:00 p.m, en el parquesito ubicado sobre la calle Bugambilia, con el objetivo de promover la convivencia familiar y el acceso a espacios recreativos para ni\u00f1as, ni\u00f1os y vecinos de la comunidad.<\/p>\n\n\n\n<p class=\"wp-block-paragraph\">Los esperamos.<\/p>\n\n\n\n<figure class=\"wp-block-image size-large\"><img loading=\"lazy\" decoding=\"async\" width=\"1024\" height=\"682\" src=\"https:\/\/viralnayarit.com\/wp-content\/uploads\/2026\/05\/WhatsApp-Image-2026-05-27-at-9.36.59-AM-1024x682.jpeg\" alt=\"\" class=\"wp-image-1043\" srcset=\"https:\/\/viralnayarit.com\/wp-content\/uploads\/2026\/05\/WhatsApp-Image-2026-05-27-at-9.36.59-AM-1024x682.jpeg 1024w, https:\/\/viralnayarit.com\/wp-content\/uploads\/2026\/05\/WhatsApp-Image-2026-05-27-at-9.36.59-AM-300x200.jpeg 300w, https:\/\/viralnayarit.com\/wp-content\/uploads\/2026\/05\/WhatsApp-Image-2026-05-27-at-9.36.59-AM-768x512.jpeg 768w, https:\/\/viralnayarit.com\/wp-content\/uploads\/2026\/05\/WhatsApp-Image-2026-05-27-at-9.36.59-AM-1536x1024.jpeg 1536w, https:\/\/viralnayarit.com\/wp-content\/uploads\/2026\/05\/WhatsApp-Image-2026-05-27-at-9.36.59-AM-2048x1365.jpeg 2048w\" sizes=\"auto, (max-width: 1024px) 100vw, 1024px\" \/><\/figure>\n\n\n\n<p class=\"wp-block-paragraph\"><\/p>\n","protected":false},"excerpt":{"rendered":"<p>El Gobierno Municipal de Bah\u00eda de Banderas, a trav\u00e9s de la Direcci\u00f3n de Desarrollo y&#8230;<\/p>\n","protected":false},"author":1,"featured_media":1043,"comment_status":"open","ping_status":"open","sticky":false,"template":"","format":"standard","meta":{"footnotes":""},"categories":[5,13,12],"tags":[9,11,7,14,6],"class_list":["post-1042","post","type-post","status-publish","format-standard","has-post-thumbnail","hentry","category-local","category-nacional","category-noticias","tag-local","tag-nacional","tag-notiicias","tag-politica","tag-viral"],"_links":{"self":[{"href":"https:\/\/viralnayarit.com\/index.php?rest_route=\/wp\/v2\/posts\/1042","targetHints":{"allow":["GET"]}}],"collection":[{"href":"https:\/\/viralnayarit.com\/index.php?rest_route=\/wp\/v2\/posts"}],"about":[{"href":"https:\/\/viralnayarit.com\/index.php?rest_route=\/wp\/v2\/types\/post"}],"author":[{"embeddable":true,"href":"https:\/\/viralnayarit.com\/index.php?rest_route=\/wp\/v2\/users\/1"}],"replies":[{"embeddable":true,"href":"https:\/\/viralnayarit.com\/index.php?rest_route=%2Fwp%2Fv2%2Fcomments&post=1042"}],"version-history":[{"count":1,"href":"https:\/\/viralnayarit.com\/index.php?rest_route=\/wp\/v2\/posts\/1042\/revisions"}],"predecessor-version":[{"id":1044,"href":"https:\/\/viralnayarit.com\/index.php?rest_route=\/wp\/v2\/posts\/1042\/revisions\/1044"}],"wp:featuredmedia":[{"embeddable":true,"href":"https:\/\/viralnayarit.com\/index.php?rest_route=\/wp\/v2\/media\/1043"}],"wp:attachment":[{"href":"https:\/\/viralnayarit.com\/index.php?rest_route=%2Fwp%2Fv2%2Fmedia&parent=1042"}],"wp:term":[{"taxonomy":"category","embeddable":true,"href":"https:\/\/viralnayarit.com\/index.php?rest_route=%2Fwp%2Fv2%2Fcategories&post=1042"},{"taxonomy":"post_tag","embeddable":true,"href":"https:\/\/viralnayarit.com\/index.php?rest_route=%2Fwp%2Fv2%2Ftags&post=1042"}],"curies":[{"name":"wp","href":"https:\/\/api.w.org\/{rel}","templated":true}]}}