{"id":1036,"date":"2026-05-21T11:14:00","date_gmt":"2026-05-21T11:14:00","guid":{"rendered":"https:\/\/viralnayarit.com\/?p=1036"},"modified":"2026-05-27T18:15:16","modified_gmt":"2026-05-27T18:15:16","slug":"sin-corralon-ni-multas","status":"publish","type":"post","link":"https:\/\/viralnayarit.com\/?p=1036","title":{"rendered":"Sin corral\u00f3n ni multas\u2026"},"content":{"rendered":"\n<p class=\"wp-block-paragraph\"><em>Infractores har\u00e1n trabajo social por no usar casco<\/em><\/p>\n\n\n\n<p class=\"wp-block-paragraph\">El Gobierno Municipal de Bah\u00eda de Banderas informa que, a partir del 20 de mayo y hasta nuevo aviso, los operativos de supervisi\u00f3n del uso de casco en motociclistas se llevar\u00e1n a cabo bajo un enfoque preventivo y de concientizaci\u00f3n social.<\/p>\n\n\n\n<p class=\"wp-block-paragraph\">Como parte de esta medida, las personas que incumplan con la portaci\u00f3n de casco no ser\u00e1n sancionadas con multas econ\u00f3micas ni sus unidades ser\u00e1n remitidas al corral\u00f3n. En su lugar, deber\u00e1n cumplir con trabajo social, esto con el objetivo de fortalecer la responsabilidad ciudadana y promover una cultura de seguridad vial.<\/p>\n\n\n\n<p class=\"wp-block-paragraph\">En el caso de conductores menores de 20 a\u00f1os, los infractores deber\u00e1n contar con la presencia de su madre, padre o tutor, quienes podr\u00e1n hacerse cargo de la motocicleta para evitar su traslado al corral\u00f3n. Asimismo, asumir\u00e1n la responsabilidad de garantizar que el menor cumpla con las actividades comunitarias asignadas.<\/p>\n\n\n\n<p class=\"wp-block-paragraph\">Las labores de trabajo social estar\u00e1n enfocadas en acciones como limpieza de canales, descacharrizaci\u00f3n, balizamiento y otras actividades que contribuyan al mejoramiento del entorno urbano del municipio, en coordinaci\u00f3n con personal del H. XII Ayuntamiento de Bah\u00eda de Banderas.<\/p>\n\n\n\n<p class=\"wp-block-paragraph\">Cabe resaltar que esta estrategia no tiene fines recaudatorios, sino que busca salvaguardar la vida de los motociclistas y reducir los riesgos de accidentes.<\/p>\n\n\n\n<p class=\"wp-block-paragraph\">Finalmente, se hace un llamado a la poblaci\u00f3n a adoptar de manera permanente el uso del casco al conducir motocicleta, como una medida esencial para proteger la integridad personal y fomentar una cultura de prevenci\u00f3n en el municipio.<\/p>\n\n\n\n<figure class=\"wp-block-image size-large\"><img loading=\"lazy\" decoding=\"async\" width=\"723\" height=\"1024\" src=\"https:\/\/viralnayarit.com\/wp-content\/uploads\/2026\/05\/WhatsApp-Image-2026-05-27-at-9.33.29-AM-723x1024.jpeg\" alt=\"\" class=\"wp-image-1037\" srcset=\"https:\/\/viralnayarit.com\/wp-content\/uploads\/2026\/05\/WhatsApp-Image-2026-05-27-at-9.33.29-AM-723x1024.jpeg 723w, https:\/\/viralnayarit.com\/wp-content\/uploads\/2026\/05\/WhatsApp-Image-2026-05-27-at-9.33.29-AM-212x300.jpeg 212w, https:\/\/viralnayarit.com\/wp-content\/uploads\/2026\/05\/WhatsApp-Image-2026-05-27-at-9.33.29-AM-768x1087.jpeg 768w, https:\/\/viralnayarit.com\/wp-content\/uploads\/2026\/05\/WhatsApp-Image-2026-05-27-at-9.33.29-AM-1024x1450.jpeg 1024w, https:\/\/viralnayarit.com\/wp-content\/uploads\/2026\/05\/WhatsApp-Image-2026-05-27-at-9.33.29-AM.jpeg 1054w\" sizes=\"auto, (max-width: 723px) 100vw, 723px\" \/><\/figure>\n\n\n\n<p class=\"wp-block-paragraph\"><\/p>\n","protected":false},"excerpt":{"rendered":"<p>Infractores har\u00e1n trabajo social por no usar casco El Gobierno Municipal de Bah\u00eda de Banderas&#8230;<\/p>\n","protected":false},"author":1,"featured_media":1037,"comment_status":"open","ping_status":"open","sticky":false,"template":"","format":"standard","meta":{"footnotes":""},"categories":[5,13,12,1],"tags":[9,11,7,14],"class_list":["post-1036","post","type-post","status-publish","format-standard","has-post-thumbnail","hentry","category-local","category-nacional","category-noticias","category-uncategorized","tag-local","tag-nacional","tag-notiicias","tag-politica"],"_links":{"self":[{"href":"https:\/\/viralnayarit.com\/index.php?rest_route=\/wp\/v2\/posts\/1036","targetHints":{"allow":["GET"]}}],"collection":[{"href":"https:\/\/viralnayarit.com\/index.php?rest_route=\/wp\/v2\/posts"}],"about":[{"href":"https:\/\/viralnayarit.com\/index.php?rest_route=\/wp\/v2\/types\/post"}],"author":[{"embeddable":true,"href":"https:\/\/viralnayarit.com\/index.php?rest_route=\/wp\/v2\/users\/1"}],"replies":[{"embeddable":true,"href":"https:\/\/viralnayarit.com\/index.php?rest_route=%2Fwp%2Fv2%2Fcomments&post=1036"}],"version-history":[{"count":1,"href":"https:\/\/viralnayarit.com\/index.php?rest_route=\/wp\/v2\/posts\/1036\/revisions"}],"predecessor-version":[{"id":1038,"href":"https:\/\/viralnayarit.com\/index.php?rest_route=\/wp\/v2\/posts\/1036\/revisions\/1038"}],"wp:featuredmedia":[{"embeddable":true,"href":"https:\/\/viralnayarit.com\/index.php?rest_route=\/wp\/v2\/media\/1037"}],"wp:attachment":[{"href":"https:\/\/viralnayarit.com\/index.php?rest_route=%2Fwp%2Fv2%2Fmedia&parent=1036"}],"wp:term":[{"taxonomy":"category","embeddable":true,"href":"https:\/\/viralnayarit.com\/index.php?rest_route=%2Fwp%2Fv2%2Fcategories&post=1036"},{"taxonomy":"post_tag","embeddable":true,"href":"https:\/\/viralnayarit.com\/index.php?rest_route=%2Fwp%2Fv2%2Ftags&post=1036"}],"curies":[{"name":"wp","href":"https:\/\/api.w.org\/{rel}","templated":true}]}}